{"id":734,"date":"2017-03-31T10:52:57","date_gmt":"2017-03-31T08:52:57","guid":{"rendered":"http:\/\/aprendejaponesencoru.com\/?p=734"},"modified":"2017-03-31T10:52:57","modified_gmt":"2017-03-31T08:52:57","slug":"viene-la-primavera-y-que-cancion-te-viene-en-tu-mente","status":"publish","type":"post","link":"https:\/\/aprendejaponesencoru.com\/blog\/viene-la-primavera-y-que-cancion-te-viene-en-tu-mente\/","title":{"rendered":"Viene la primavera, y \u00bf\u00bfqu\u00e9 canci\u00f3n te viene en tu mente??"},"content":{"rendered":"<p>Hola! Konnichi! \u3053\u3093\u306b\u3061\u306f\uff01<\/p>\n<p>Bye-bye invierno ?\u26c4\ufe0f\u2744\ufe0fy wellcome primavera ?? En Jap\u00f3n a partir del d\u00eda 1 de abril empieza el nuevo a\u00f1o fiscal y escolar, y al mismo tiempo la primavera se instala tambi\u00e9n.<\/p>\n<h2><strong>Canciones de primavera<\/strong><\/h2>\n<p>Creo que a nosotros japoneses, a cada uno tendr\u00e1 en su mente vendr\u00eda\/n un\/unos temas si nos preguntamos cu\u00e1l es la canci\u00f3n de primavera, y evidentemente cada generaci\u00f3n es diferente. Canciones que al escucharlas, ya pensamos en primavera o acontecimientos primaverales. A m\u00ed, que yo llevo desde los 15 a\u00f1os en Espa\u00f1a y llevo m\u00e1s en Espa\u00f1a que en Jap\u00f3n, tambi\u00e9n se me vienen algunos temas de primavera ???<\/p>\n<h3><strong>Cl\u00e1sico<\/strong><\/h3>\n<p>Haru yo koi (\u6625\u3088\u6765\u3044) es una canci\u00f3n infantil y fue escrita en los a\u00f1os 1920. Se puede decir que uno de \u00ablos cl\u00e1sicos\u201d y la mayor\u00eda sabe o por lo menos hab\u00eda o\u00eddo m\u00e1s de una vez en su vida. Creo que en la guarder\u00eda yo habr\u00eda cantado alguna vez ?<\/p>\n<p><iframe src=\"https:\/\/www.youtube.com\/embed\/L1b8NJbLeWI\" width=\"560\" height=\"315\" frameborder=\"0\" allowfullscreen=\"allowfullscreen\"><\/iframe><\/p>\n<h3><strong>Candies<\/strong><\/h3>\n<p>Es la que me vino primera. J-Pop de los a\u00f1os 1970 y seguramente esta canci\u00f3n los m\u00e1s j\u00f3venes no la conozcan. Era de un grupo <a href=\"https:\/\/es.wikipedia.org\/wiki\/Candies\" target=\"_blank\" rel=\"noopener\"><span style=\"text-decoration: underline;\"><strong><em>Candies<\/em><\/strong><\/span><\/a> y a pesar de que la canci\u00f3n sali\u00f3 antes de que yo naciera, conozco esta canci\u00f3n y hasta puedo cantarla ??<\/p>\n<p><img data-recalc-dims=\"1\" fetchpriority=\"high\" decoding=\"async\" class=\"alignnone wp-image-736 size-responsive-size\" src=\"https:\/\/i0.wp.com\/aprendejaponesencoru.com\/wp-content\/uploads\/2017\/03\/1-740x493.jpg?resize=740%2C493\" alt=\"\" width=\"740\" height=\"493\" \/><\/p>\n<p><iframe src=\"https:\/\/www.youtube.com\/embed\/RTipNzw4CiI\" width=\"560\" height=\"315\" frameborder=\"0\" allowfullscreen=\"allowfullscreen\"><\/iframe><\/p>\n<p>Despu\u00e9s muchos m\u00fasicos hicieron versiones, lo cual consigui\u00f3 un \u00e9xito enorme.<\/p>\n<p><iframe src=\"https:\/\/www.youtube.com\/embed\/LbAV3F1JkwY\" width=\"560\" height=\"315\" frameborder=\"0\" allowfullscreen=\"allowfullscreen\"><\/iframe><br \/>\nMe encanta esta versi\u00f3n ???<\/p>\n<h3><strong>Moomin? No, Yoomin<\/strong><\/h3>\n<p>Se me vino en mi cabeza el estribillo de una canci\u00f3n, es Haru yo, koi (\u6625\u3088\u3001\u6765\u3044). \u00bf\u00bfEl t\u00edtulo es el mismo que la primera mencionada?? Qu\u00e9 va, este tiene un coma ??<br \/>\nEs de Yoomin (Yuming), <span style=\"text-decoration: underline;\"><em><strong><a href=\"https:\/\/es.wikipedia.org\/wiki\/Yumi_Arai\" target=\"_blank\" rel=\"noopener\">Yumi Matsutooya<\/a><\/strong><\/em><\/span>. Sali\u00f3 esta canci\u00f3n en el 1994 y seguramente esta canci\u00f3n sonar\u00e1 a muchos de nosotros porque parece que a\u00fan hoy en d\u00eda esta canci\u00f3n es introducida en programas de televisi\u00f3n en Jap\u00f3n.<\/p>\n<p><img data-recalc-dims=\"1\" decoding=\"async\" class=\"alignnone size-full wp-image-737\" src=\"https:\/\/i0.wp.com\/aprendejaponesencoru.com\/wp-content\/uploads\/2017\/03\/2.jpg?resize=355%2C313\" alt=\"\" width=\"355\" height=\"313\" \/><\/p>\n<p>Ella es una cantante muy conocida y popular, adem\u00e1s es considerada una figura del mundo J-Pop. A pesar de su fama y r\u00e9cord de ventas que tiene ella, no conozco ninguna canci\u00f3n de ella excepto esta ??<\/p>\n<p><iframe src=\"https:\/\/www.youtube.com\/embed\/gol5dFrv4Ao\" width=\"560\" height=\"315\" frameborder=\"0\" allowfullscreen=\"allowfullscreen\"><\/iframe><\/p>\n<p>No s\u00e9 si en Espa\u00f1a hay canciones que \u00abinvocan\u201d el esp\u00edritu de primavera\u2026.<\/p>\n","protected":false},"excerpt":{"rendered":"<p>Hola! Konnichi! \u3053\u3093\u306b\u3061\u306f\uff01 Bye-bye invierno ?\u26c4\ufe0f\u2744\ufe0fy wellcome primavera ?? En<\/p>\n","protected":false},"author":1,"featured_media":735,"comment_status":"open","ping_status":"open","sticky":false,"template":"","format":"standard","meta":{"_acf_changed":false,"_jetpack_memberships_contains_paid_content":false,"footnotes":"","jetpack_publicize_message":"","jetpack_publicize_feature_enabled":true,"jetpack_social_post_already_shared":false,"jetpack_social_options":{"image_generator_settings":{"template":"highway","default_image_id":0,"font":"","enabled":false},"version":2}},"categories":[2],"tags":[21,26,3,63,64,65,66,67,68,69,41,11,70,71,72,73],"class_list":["post-734","post","type-post","status-publish","format-standard","has-post-thumbnail","hentry","category-blog","tag-aprender-idioma","tag-aprender-japones","tag-blog","tag-cancion","tag-cancion-infantil","tag-candies","tag-cantante","tag-clasico","tag-infantil","tag-j-pop","tag-japon","tag-japones","tag-jpop","tag-primavera","tag-yumi-matsutooya","tag-yuming"],"acf":[],"yoast_head":"<!-- This site is optimized with the Yoast SEO plugin v27.5 - https:\/\/yoast.com\/product\/yoast-seo-wordpress\/ -->\n<title>Viene la primavera, y \u00bf\u00bfqu\u00e9 canci\u00f3n te viene en tu mente?? - aprendejaponesencoru.com :: Blog<\/title>\n<meta name=\"robots\" content=\"index, follow, max-snippet:-1, max-image-preview:large, max-video-preview:-1\" \/>\n<link rel=\"canonical\" href=\"https:\/\/aprendejaponesencoru.com\/blog\/viene-la-primavera-y-que-cancion-te-viene-en-tu-mente\/\" \/>\n<meta property=\"og:locale\" content=\"es_ES\" \/>\n<meta property=\"og:type\" content=\"article\" \/>\n<meta property=\"og:title\" content=\"Viene la primavera, y \u00bf\u00bfqu\u00e9 canci\u00f3n te viene en tu mente?? - aprendejaponesencoru.com :: Blog\" \/>\n<meta property=\"og:description\" content=\"Hola! Konnichi! \u3053\u3093\u306b\u3061\u306f\uff01 Bye-bye invierno ?\u26c4\ufe0f\u2744\ufe0fy wellcome primavera ?? En\" \/>\n<meta property=\"og:url\" content=\"https:\/\/aprendejaponesencoru.com\/blog\/viene-la-primavera-y-que-cancion-te-viene-en-tu-mente\/\" \/>\n<meta property=\"og:site_name\" content=\"aprendejaponesencoru.com :: Blog\" \/>\n<meta property=\"article:published_time\" content=\"2017-03-31T08:52:57+00:00\" \/>\n<meta name=\"author\" content=\"Daikito Sensei\" \/>\n<meta name=\"twitter:card\" content=\"summary_large_image\" \/>\n<meta name=\"twitter:label1\" content=\"Escrito por\" \/>\n\t<meta name=\"twitter:data1\" content=\"Daikito Sensei\" \/>\n\t<meta name=\"twitter:label2\" content=\"Tiempo de lectura\" \/>\n\t<meta name=\"twitter:data2\" content=\"2 minutos\" \/>\n<script type=\"application\/ld+json\" class=\"yoast-schema-graph\">{\"@context\":\"https:\\\/\\\/schema.org\",\"@graph\":[{\"@type\":\"Article\",\"@id\":\"https:\\\/\\\/aprendejaponesencoru.com\\\/blog\\\/viene-la-primavera-y-que-cancion-te-viene-en-tu-mente\\\/#article\",\"isPartOf\":{\"@id\":\"https:\\\/\\\/aprendejaponesencoru.com\\\/blog\\\/viene-la-primavera-y-que-cancion-te-viene-en-tu-mente\\\/\"},\"author\":{\"name\":\"Daikito Sensei\",\"@id\":\"https:\\\/\\\/aprendejaponesencoru.com\\\/blog\\\/#\\\/schema\\\/person\\\/c26e6e317be97278b62fe3778c998a65\"},\"headline\":\"Viene la primavera, y \u00bf\u00bfqu\u00e9 canci\u00f3n te viene en tu mente??\",\"datePublished\":\"2017-03-31T08:52:57+00:00\",\"mainEntityOfPage\":{\"@id\":\"https:\\\/\\\/aprendejaponesencoru.com\\\/blog\\\/viene-la-primavera-y-que-cancion-te-viene-en-tu-mente\\\/\"},\"wordCount\":391,\"commentCount\":0,\"image\":{\"@id\":\"https:\\\/\\\/aprendejaponesencoru.com\\\/blog\\\/viene-la-primavera-y-que-cancion-te-viene-en-tu-mente\\\/#primaryimage\"},\"thumbnailUrl\":\"\",\"keywords\":[\"aprender idioma\",\"aprender japon\u00e9s\",\"blog\",\"canci\u00f3n\",\"canci\u00f3n infantil\",\"Candies\",\"cantante\",\"cl\u00e1sico\",\"infantil\",\"J-Pop\",\"Jap\u00f3n\",\"japon\u00e9s\",\"jpop\",\"primavera\",\"Yumi Matsutooya\",\"yuming\"],\"articleSection\":[\"Blog\"],\"inLanguage\":\"es\",\"potentialAction\":[{\"@type\":\"CommentAction\",\"name\":\"Comment\",\"target\":[\"https:\\\/\\\/aprendejaponesencoru.com\\\/blog\\\/viene-la-primavera-y-que-cancion-te-viene-en-tu-mente\\\/#respond\"]}]},{\"@type\":\"WebPage\",\"@id\":\"https:\\\/\\\/aprendejaponesencoru.com\\\/blog\\\/viene-la-primavera-y-que-cancion-te-viene-en-tu-mente\\\/\",\"url\":\"https:\\\/\\\/aprendejaponesencoru.com\\\/blog\\\/viene-la-primavera-y-que-cancion-te-viene-en-tu-mente\\\/\",\"name\":\"Viene la primavera, y \u00bf\u00bfqu\u00e9 canci\u00f3n te viene en tu mente?? - aprendejaponesencoru.com :: Blog\",\"isPartOf\":{\"@id\":\"https:\\\/\\\/aprendejaponesencoru.com\\\/blog\\\/#website\"},\"primaryImageOfPage\":{\"@id\":\"https:\\\/\\\/aprendejaponesencoru.com\\\/blog\\\/viene-la-primavera-y-que-cancion-te-viene-en-tu-mente\\\/#primaryimage\"},\"image\":{\"@id\":\"https:\\\/\\\/aprendejaponesencoru.com\\\/blog\\\/viene-la-primavera-y-que-cancion-te-viene-en-tu-mente\\\/#primaryimage\"},\"thumbnailUrl\":\"\",\"datePublished\":\"2017-03-31T08:52:57+00:00\",\"author\":{\"@id\":\"https:\\\/\\\/aprendejaponesencoru.com\\\/blog\\\/#\\\/schema\\\/person\\\/c26e6e317be97278b62fe3778c998a65\"},\"breadcrumb\":{\"@id\":\"https:\\\/\\\/aprendejaponesencoru.com\\\/blog\\\/viene-la-primavera-y-que-cancion-te-viene-en-tu-mente\\\/#breadcrumb\"},\"inLanguage\":\"es\",\"potentialAction\":[{\"@type\":\"ReadAction\",\"target\":[\"https:\\\/\\\/aprendejaponesencoru.com\\\/blog\\\/viene-la-primavera-y-que-cancion-te-viene-en-tu-mente\\\/\"]}]},{\"@type\":\"ImageObject\",\"inLanguage\":\"es\",\"@id\":\"https:\\\/\\\/aprendejaponesencoru.com\\\/blog\\\/viene-la-primavera-y-que-cancion-te-viene-en-tu-mente\\\/#primaryimage\",\"url\":\"\",\"contentUrl\":\"\"},{\"@type\":\"BreadcrumbList\",\"@id\":\"https:\\\/\\\/aprendejaponesencoru.com\\\/blog\\\/viene-la-primavera-y-que-cancion-te-viene-en-tu-mente\\\/#breadcrumb\",\"itemListElement\":[{\"@type\":\"ListItem\",\"position\":1,\"name\":\"\u30db\u30fc\u30e0\",\"item\":\"https:\\\/\\\/aprendejaponesencoru.com\\\/blog\\\/\"},{\"@type\":\"ListItem\",\"position\":2,\"name\":\"Viene la primavera, y \u00bf\u00bfqu\u00e9 canci\u00f3n te viene en tu mente??\"}]},{\"@type\":\"WebSite\",\"@id\":\"https:\\\/\\\/aprendejaponesencoru.com\\\/blog\\\/#website\",\"url\":\"https:\\\/\\\/aprendejaponesencoru.com\\\/blog\\\/\",\"name\":\"aprendejaponesencoru.com :: Blog\",\"description\":\"Clases particulares de japon\u00e9s en La Coru\u00f1a con un profesor nativo\",\"potentialAction\":[{\"@type\":\"SearchAction\",\"target\":{\"@type\":\"EntryPoint\",\"urlTemplate\":\"https:\\\/\\\/aprendejaponesencoru.com\\\/blog\\\/?s={search_term_string}\"},\"query-input\":{\"@type\":\"PropertyValueSpecification\",\"valueRequired\":true,\"valueName\":\"search_term_string\"}}],\"inLanguage\":\"es\"},{\"@type\":\"Person\",\"@id\":\"https:\\\/\\\/aprendejaponesencoru.com\\\/blog\\\/#\\\/schema\\\/person\\\/c26e6e317be97278b62fe3778c998a65\",\"name\":\"Daikito Sensei\",\"image\":{\"@type\":\"ImageObject\",\"inLanguage\":\"es\",\"@id\":\"https:\\\/\\\/secure.gravatar.com\\\/avatar\\\/0abeb34749a49ed737756245c06589b60990464d5e325750de73cfbdde873ace?s=96&d=mm&r=g\",\"url\":\"https:\\\/\\\/secure.gravatar.com\\\/avatar\\\/0abeb34749a49ed737756245c06589b60990464d5e325750de73cfbdde873ace?s=96&d=mm&r=g\",\"contentUrl\":\"https:\\\/\\\/secure.gravatar.com\\\/avatar\\\/0abeb34749a49ed737756245c06589b60990464d5e325750de73cfbdde873ace?s=96&d=mm&r=g\",\"caption\":\"Daikito Sensei\"},\"sameAs\":[\"https:\\\/\\\/aprendejaponesencoru.com\\\/blog\"],\"url\":\"https:\\\/\\\/aprendejaponesencoru.com\\\/blog\\\/author\\\/daikito_sensei\\\/\"}]}<\/script>\n<!-- \/ Yoast SEO plugin. -->","yoast_head_json":{"title":"Viene la primavera, y \u00bf\u00bfqu\u00e9 canci\u00f3n te viene en tu mente?? - aprendejaponesencoru.com :: Blog","robots":{"index":"index","follow":"follow","max-snippet":"max-snippet:-1","max-image-preview":"max-image-preview:large","max-video-preview":"max-video-preview:-1"},"canonical":"https:\/\/aprendejaponesencoru.com\/blog\/viene-la-primavera-y-que-cancion-te-viene-en-tu-mente\/","og_locale":"es_ES","og_type":"article","og_title":"Viene la primavera, y \u00bf\u00bfqu\u00e9 canci\u00f3n te viene en tu mente?? - aprendejaponesencoru.com :: Blog","og_description":"Hola! Konnichi! \u3053\u3093\u306b\u3061\u306f\uff01 Bye-bye invierno ?\u26c4\ufe0f\u2744\ufe0fy wellcome primavera ?? En","og_url":"https:\/\/aprendejaponesencoru.com\/blog\/viene-la-primavera-y-que-cancion-te-viene-en-tu-mente\/","og_site_name":"aprendejaponesencoru.com :: Blog","article_published_time":"2017-03-31T08:52:57+00:00","author":"Daikito Sensei","twitter_card":"summary_large_image","twitter_misc":{"Escrito por":"Daikito Sensei","Tiempo de lectura":"2 minutos"},"schema":{"@context":"https:\/\/schema.org","@graph":[{"@type":"Article","@id":"https:\/\/aprendejaponesencoru.com\/blog\/viene-la-primavera-y-que-cancion-te-viene-en-tu-mente\/#article","isPartOf":{"@id":"https:\/\/aprendejaponesencoru.com\/blog\/viene-la-primavera-y-que-cancion-te-viene-en-tu-mente\/"},"author":{"name":"Daikito Sensei","@id":"https:\/\/aprendejaponesencoru.com\/blog\/#\/schema\/person\/c26e6e317be97278b62fe3778c998a65"},"headline":"Viene la primavera, y \u00bf\u00bfqu\u00e9 canci\u00f3n te viene en tu mente??","datePublished":"2017-03-31T08:52:57+00:00","mainEntityOfPage":{"@id":"https:\/\/aprendejaponesencoru.com\/blog\/viene-la-primavera-y-que-cancion-te-viene-en-tu-mente\/"},"wordCount":391,"commentCount":0,"image":{"@id":"https:\/\/aprendejaponesencoru.com\/blog\/viene-la-primavera-y-que-cancion-te-viene-en-tu-mente\/#primaryimage"},"thumbnailUrl":"","keywords":["aprender idioma","aprender japon\u00e9s","blog","canci\u00f3n","canci\u00f3n infantil","Candies","cantante","cl\u00e1sico","infantil","J-Pop","Jap\u00f3n","japon\u00e9s","jpop","primavera","Yumi Matsutooya","yuming"],"articleSection":["Blog"],"inLanguage":"es","potentialAction":[{"@type":"CommentAction","name":"Comment","target":["https:\/\/aprendejaponesencoru.com\/blog\/viene-la-primavera-y-que-cancion-te-viene-en-tu-mente\/#respond"]}]},{"@type":"WebPage","@id":"https:\/\/aprendejaponesencoru.com\/blog\/viene-la-primavera-y-que-cancion-te-viene-en-tu-mente\/","url":"https:\/\/aprendejaponesencoru.com\/blog\/viene-la-primavera-y-que-cancion-te-viene-en-tu-mente\/","name":"Viene la primavera, y \u00bf\u00bfqu\u00e9 canci\u00f3n te viene en tu mente?? - aprendejaponesencoru.com :: Blog","isPartOf":{"@id":"https:\/\/aprendejaponesencoru.com\/blog\/#website"},"primaryImageOfPage":{"@id":"https:\/\/aprendejaponesencoru.com\/blog\/viene-la-primavera-y-que-cancion-te-viene-en-tu-mente\/#primaryimage"},"image":{"@id":"https:\/\/aprendejaponesencoru.com\/blog\/viene-la-primavera-y-que-cancion-te-viene-en-tu-mente\/#primaryimage"},"thumbnailUrl":"","datePublished":"2017-03-31T08:52:57+00:00","author":{"@id":"https:\/\/aprendejaponesencoru.com\/blog\/#\/schema\/person\/c26e6e317be97278b62fe3778c998a65"},"breadcrumb":{"@id":"https:\/\/aprendejaponesencoru.com\/blog\/viene-la-primavera-y-que-cancion-te-viene-en-tu-mente\/#breadcrumb"},"inLanguage":"es","potentialAction":[{"@type":"ReadAction","target":["https:\/\/aprendejaponesencoru.com\/blog\/viene-la-primavera-y-que-cancion-te-viene-en-tu-mente\/"]}]},{"@type":"ImageObject","inLanguage":"es","@id":"https:\/\/aprendejaponesencoru.com\/blog\/viene-la-primavera-y-que-cancion-te-viene-en-tu-mente\/#primaryimage","url":"","contentUrl":""},{"@type":"BreadcrumbList","@id":"https:\/\/aprendejaponesencoru.com\/blog\/viene-la-primavera-y-que-cancion-te-viene-en-tu-mente\/#breadcrumb","itemListElement":[{"@type":"ListItem","position":1,"name":"\u30db\u30fc\u30e0","item":"https:\/\/aprendejaponesencoru.com\/blog\/"},{"@type":"ListItem","position":2,"name":"Viene la primavera, y \u00bf\u00bfqu\u00e9 canci\u00f3n te viene en tu mente??"}]},{"@type":"WebSite","@id":"https:\/\/aprendejaponesencoru.com\/blog\/#website","url":"https:\/\/aprendejaponesencoru.com\/blog\/","name":"aprendejaponesencoru.com :: Blog","description":"Clases particulares de japon\u00e9s en La Coru\u00f1a con un profesor nativo","potentialAction":[{"@type":"SearchAction","target":{"@type":"EntryPoint","urlTemplate":"https:\/\/aprendejaponesencoru.com\/blog\/?s={search_term_string}"},"query-input":{"@type":"PropertyValueSpecification","valueRequired":true,"valueName":"search_term_string"}}],"inLanguage":"es"},{"@type":"Person","@id":"https:\/\/aprendejaponesencoru.com\/blog\/#\/schema\/person\/c26e6e317be97278b62fe3778c998a65","name":"Daikito Sensei","image":{"@type":"ImageObject","inLanguage":"es","@id":"https:\/\/secure.gravatar.com\/avatar\/0abeb34749a49ed737756245c06589b60990464d5e325750de73cfbdde873ace?s=96&d=mm&r=g","url":"https:\/\/secure.gravatar.com\/avatar\/0abeb34749a49ed737756245c06589b60990464d5e325750de73cfbdde873ace?s=96&d=mm&r=g","contentUrl":"https:\/\/secure.gravatar.com\/avatar\/0abeb34749a49ed737756245c06589b60990464d5e325750de73cfbdde873ace?s=96&d=mm&r=g","caption":"Daikito Sensei"},"sameAs":["https:\/\/aprendejaponesencoru.com\/blog"],"url":"https:\/\/aprendejaponesencoru.com\/blog\/author\/daikito_sensei\/"}]}},"jetpack_publicize_connections":[],"jetpack_featured_media_url":"","jetpack-related-posts":[{"id":114057,"url":"https:\/\/aprendejaponesencoru.com\/blog\/puedes-dejar-solo-a-un-nino-de-7-anos-en-japon-la-polemica-reforma-de-una-ordenanza-municipal\/","url_meta":{"origin":734,"position":0},"title":"\u00bfPuedes dejar solo a un ni\u00f1o de 7 a\u00f1os en Jap\u00f3n? La pol\u00e9mica reforma de una ordenanza municipal","author":"Daikito Sensei","date":"22 de diciembre de 2023","format":false,"excerpt":"Hoy quiero compartir con vosotros una noticia que me llam\u00f3 la atenci\u00f3n y que ha generado un debate en la sociedad japonesa. Se trata de un borrador de una reforma de una ordenanza municipal de la prefectura de Saitama, que est\u00e1 al lado de Tokio, que busca prevenir el maltrato\u2026","rel":"","context":"En \u00abBlog\u00bb","block_context":{"text":"Blog","link":"https:\/\/aprendejaponesencoru.com\/blog\/category\/blog\/"},"img":{"alt_text":"","src":"https:\/\/i0.wp.com\/aprendejaponesencoru.com\/blog\/wp-content\/uploads\/2023\/12\/OIG.dgEs78u_3w2ccoWCF.Vv_.jpg?fit=1024%2C1024&ssl=1&resize=350%2C200","width":350,"height":200,"srcset":"https:\/\/i0.wp.com\/aprendejaponesencoru.com\/blog\/wp-content\/uploads\/2023\/12\/OIG.dgEs78u_3w2ccoWCF.Vv_.jpg?fit=1024%2C1024&ssl=1&resize=350%2C200 1x, https:\/\/i0.wp.com\/aprendejaponesencoru.com\/blog\/wp-content\/uploads\/2023\/12\/OIG.dgEs78u_3w2ccoWCF.Vv_.jpg?fit=1024%2C1024&ssl=1&resize=525%2C300 1.5x, https:\/\/i0.wp.com\/aprendejaponesencoru.com\/blog\/wp-content\/uploads\/2023\/12\/OIG.dgEs78u_3w2ccoWCF.Vv_.jpg?fit=1024%2C1024&ssl=1&resize=700%2C400 2x"},"classes":[]},{"id":114023,"url":"https:\/\/aprendejaponesencoru.com\/blog\/hooligans-nipones-el-lado-oscuro-importado-al-futbol-japones\/","url_meta":{"origin":734,"position":1},"title":"Hooligans nipones: \u00bfel lado oscuro importado al f\u00fatbol japon\u00e9s?","author":"Daikito Sensei","date":"28 de septiembre de 2023","format":false,"excerpt":"\u00bfLos japoneses son realmente educados y respetuosos? En esta ocasi\u00f3n, hablar\u00e9 sobre f\u00fatbol. Si dejas de seguir leer por esta frase porque odias f\u00fatbol, no va a ser como est\u00e1s pensando. Creo que nosotros los japoneses somos buenos para absorber y adoptar diferentes culturas extranjeras. No s\u00e9 si tenemos una\u2026","rel":"","context":"En \u00abBlog\u00bb","block_context":{"text":"Blog","link":"https:\/\/aprendejaponesencoru.com\/blog\/category\/blog\/"},"img":{"alt_text":"","src":"https:\/\/i0.wp.com\/aprendejaponesencoru.com\/blog\/wp-content\/uploads\/2023\/09\/OIG.8zgIhPmgfxZlwGzk8c0n.jpg?fit=1024%2C1024&ssl=1&resize=350%2C200","width":350,"height":200,"srcset":"https:\/\/i0.wp.com\/aprendejaponesencoru.com\/blog\/wp-content\/uploads\/2023\/09\/OIG.8zgIhPmgfxZlwGzk8c0n.jpg?fit=1024%2C1024&ssl=1&resize=350%2C200 1x, https:\/\/i0.wp.com\/aprendejaponesencoru.com\/blog\/wp-content\/uploads\/2023\/09\/OIG.8zgIhPmgfxZlwGzk8c0n.jpg?fit=1024%2C1024&ssl=1&resize=525%2C300 1.5x, https:\/\/i0.wp.com\/aprendejaponesencoru.com\/blog\/wp-content\/uploads\/2023\/09\/OIG.8zgIhPmgfxZlwGzk8c0n.jpg?fit=1024%2C1024&ssl=1&resize=700%2C400 2x"},"classes":[]},{"id":114284,"url":"https:\/\/aprendejaponesencoru.com\/blog\/cena-alumnos-japones-coruna\/","url_meta":{"origin":734,"position":2},"title":"\ud83c\udf55Cenar juntos tambi\u00e9n es aprender japon\u00e9s","author":"Daikito Sensei","date":"30 de junio de 2025","format":false,"excerpt":"El aprendizaje del japon\u00e9s no solo ocurre en clase, entre apuntes, hiragana y kanji. A veces, tambi\u00e9n sucede alrededor de una mesa, compartiendo risas, una buena comida y una copa de sangr\u00eda. Un encuentro m\u00e1s all\u00e1 de las clases Hace un par de semanas celebramos una cena: una quedada entre\u2026","rel":"","context":"En \u00abBlog\u00bb","block_context":{"text":"Blog","link":"https:\/\/aprendejaponesencoru.com\/blog\/category\/blog\/"},"img":{"alt_text":"","src":"https:\/\/i0.wp.com\/aprendejaponesencoru.com\/blog\/wp-content\/uploads\/2025\/06\/thumb1.png?fit=1200%2C678&ssl=1&resize=350%2C200","width":350,"height":200,"srcset":"https:\/\/i0.wp.com\/aprendejaponesencoru.com\/blog\/wp-content\/uploads\/2025\/06\/thumb1.png?fit=1200%2C678&ssl=1&resize=350%2C200 1x, https:\/\/i0.wp.com\/aprendejaponesencoru.com\/blog\/wp-content\/uploads\/2025\/06\/thumb1.png?fit=1200%2C678&ssl=1&resize=525%2C300 1.5x, https:\/\/i0.wp.com\/aprendejaponesencoru.com\/blog\/wp-content\/uploads\/2025\/06\/thumb1.png?fit=1200%2C678&ssl=1&resize=700%2C400 2x, https:\/\/i0.wp.com\/aprendejaponesencoru.com\/blog\/wp-content\/uploads\/2025\/06\/thumb1.png?fit=1200%2C678&ssl=1&resize=1050%2C600 3x"},"classes":[]},{"id":113912,"url":"https:\/\/aprendejaponesencoru.com\/blog\/drogas-estimulantes-y-marihuana-por-que-son-tan-diferentes-las-actitudes-de-japon-y-espana\/","url_meta":{"origin":734,"position":3},"title":"Drogas estimulantes y marihuana: \u00bfpor qu\u00e9 son tan diferentes las actitudes de Jap\u00f3n y Espa\u00f1a?","author":"Daikito Sensei","date":"9 de agosto de 2023","format":false,"excerpt":"El esc\u00e1ndalo de drogas que sacude al deporte universitario japon\u00e9s Es uno de los temas que seguramente hable en mi podcast (por cierto, tengo un podcast y tiene m\u00e1s de 100 episodios por si no lo sabes), pero antes de grabar escribo esto sobre este tema porque as\u00ed puedo ordenar\u2026","rel":"","context":"En \u00abBlog\u00bb","block_context":{"text":"Blog","link":"https:\/\/aprendejaponesencoru.com\/blog\/category\/blog\/"},"img":{"alt_text":"","src":"https:\/\/i0.wp.com\/aprendejaponesencoru.com\/blog\/wp-content\/uploads\/2023\/08\/AI.jpg?fit=1024%2C1024&ssl=1&resize=350%2C200","width":350,"height":200,"srcset":"https:\/\/i0.wp.com\/aprendejaponesencoru.com\/blog\/wp-content\/uploads\/2023\/08\/AI.jpg?fit=1024%2C1024&ssl=1&resize=350%2C200 1x, https:\/\/i0.wp.com\/aprendejaponesencoru.com\/blog\/wp-content\/uploads\/2023\/08\/AI.jpg?fit=1024%2C1024&ssl=1&resize=525%2C300 1.5x, https:\/\/i0.wp.com\/aprendejaponesencoru.com\/blog\/wp-content\/uploads\/2023\/08\/AI.jpg?fit=1024%2C1024&ssl=1&resize=700%2C400 2x"},"classes":[]},{"id":114143,"url":"https:\/\/aprendejaponesencoru.com\/blog\/la-controversia-de-miss-japon-belleza-nacionalidad-y-escandalo\/","url_meta":{"origin":734,"position":4},"title":"La Controversia de Miss Jap\u00f3n: Belleza, Nacionalidad y Esc\u00e1ndalo","author":"Daikito Sensei","date":"28 de marzo de 2024","format":false,"excerpt":"En un reciente episodio de pol\u00e9mica en Jap\u00f3n, el concurso de Miss Jap\u00f3n se vio envuelto en un debate que trasciende la belleza y toca temas sensibles como el racismo y la xenofobia. La ganadora de la edici\u00f3n del a\u00f1o 2024, una joven de origen ucraniano, ha desatado una ola\u2026","rel":"","context":"En \u00abBlog\u00bb","block_context":{"text":"Blog","link":"https:\/\/aprendejaponesencoru.com\/blog\/category\/blog\/"},"img":{"alt_text":"","src":"https:\/\/i0.wp.com\/aprendejaponesencoru.com\/blog\/wp-content\/uploads\/2024\/03\/043.jpg?fit=1024%2C1024&ssl=1&resize=350%2C200","width":350,"height":200,"srcset":"https:\/\/i0.wp.com\/aprendejaponesencoru.com\/blog\/wp-content\/uploads\/2024\/03\/043.jpg?fit=1024%2C1024&ssl=1&resize=350%2C200 1x, https:\/\/i0.wp.com\/aprendejaponesencoru.com\/blog\/wp-content\/uploads\/2024\/03\/043.jpg?fit=1024%2C1024&ssl=1&resize=525%2C300 1.5x, https:\/\/i0.wp.com\/aprendejaponesencoru.com\/blog\/wp-content\/uploads\/2024\/03\/043.jpg?fit=1024%2C1024&ssl=1&resize=700%2C400 2x"},"classes":[]},{"id":113959,"url":"https:\/\/aprendejaponesencoru.com\/blog\/se-puede-realmente-aprender-japones-con-anime-la-dura-verdad\/","url_meta":{"origin":734,"position":5},"title":"\u00bfSe puede realmente aprender japon\u00e9s con anime? La dura verdad","author":"Daikito Sensei","date":"1 de septiembre de 2023","format":false,"excerpt":"Otro d\u00eda empez\u00f3 un alumno nuevo. Primero intercambio de mails, pero yo me sent\u00eda un poco inc\u00f3modo por el sufijo de tratamiento que ese alumno usaba. A ra\u00edz de ir intercambiando los mails, creo que descubr\u00ed el porqu\u00e9 del uso de ese sufijo de tratamiento. Antes que nada, para aquellos\u2026","rel":"","context":"En \u00abBlog\u00bb","block_context":{"text":"Blog","link":"https:\/\/aprendejaponesencoru.com\/blog\/category\/blog\/"},"img":{"alt_text":"","src":"https:\/\/i0.wp.com\/aprendejaponesencoru.com\/blog\/wp-content\/uploads\/2023\/09\/thumb.jpg?fit=1024%2C1024&ssl=1&resize=350%2C200","width":350,"height":200,"srcset":"https:\/\/i0.wp.com\/aprendejaponesencoru.com\/blog\/wp-content\/uploads\/2023\/09\/thumb.jpg?fit=1024%2C1024&ssl=1&resize=350%2C200 1x, https:\/\/i0.wp.com\/aprendejaponesencoru.com\/blog\/wp-content\/uploads\/2023\/09\/thumb.jpg?fit=1024%2C1024&ssl=1&resize=525%2C300 1.5x, https:\/\/i0.wp.com\/aprendejaponesencoru.com\/blog\/wp-content\/uploads\/2023\/09\/thumb.jpg?fit=1024%2C1024&ssl=1&resize=700%2C400 2x"},"classes":[]}],"jetpack_sharing_enabled":true,"_links":{"self":[{"href":"https:\/\/aprendejaponesencoru.com\/blog\/wp-json\/wp\/v2\/posts\/734","targetHints":{"allow":["GET"]}}],"collection":[{"href":"https:\/\/aprendejaponesencoru.com\/blog\/wp-json\/wp\/v2\/posts"}],"about":[{"href":"https:\/\/aprendejaponesencoru.com\/blog\/wp-json\/wp\/v2\/types\/post"}],"author":[{"embeddable":true,"href":"https:\/\/aprendejaponesencoru.com\/blog\/wp-json\/wp\/v2\/users\/1"}],"replies":[{"embeddable":true,"href":"https:\/\/aprendejaponesencoru.com\/blog\/wp-json\/wp\/v2\/comments?post=734"}],"version-history":[{"count":0,"href":"https:\/\/aprendejaponesencoru.com\/blog\/wp-json\/wp\/v2\/posts\/734\/revisions"}],"wp:featuredmedia":[{"embeddable":true,"href":"https:\/\/aprendejaponesencoru.com\/blog\/wp-json\/"}],"wp:attachment":[{"href":"https:\/\/aprendejaponesencoru.com\/blog\/wp-json\/wp\/v2\/media?parent=734"}],"wp:term":[{"taxonomy":"category","embeddable":true,"href":"https:\/\/aprendejaponesencoru.com\/blog\/wp-json\/wp\/v2\/categories?post=734"},{"taxonomy":"post_tag","embeddable":true,"href":"https:\/\/aprendejaponesencoru.com\/blog\/wp-json\/wp\/v2\/tags?post=734"}],"curies":[{"name":"wp","href":"https:\/\/api.w.org\/{rel}","templated":true}]}}