{"id":686,"date":"2017-03-01T22:17:04","date_gmt":"2017-03-01T20:17:04","guid":{"rendered":"http:\/\/aprendejaponesencoru.com\/?p=686"},"modified":"2017-03-01T22:17:04","modified_gmt":"2017-03-01T20:17:04","slug":"marzo-y-que-fiestaseventos-hay-en-japon","status":"publish","type":"post","link":"https:\/\/aprendejaponesencoru.com\/blog\/marzo-y-que-fiestaseventos-hay-en-japon\/","title":{"rendered":"Marzo, y qu\u00e9 fiestas\/eventos hay en Jap\u00f3n??"},"content":{"rendered":"<p>Hola!! \u3053\u3093\u306b\u3061\u306f\u30fc\uff01<\/p>\n<h2>Qu\u00e9 hay en marzo??<\/h2>\n<p>Ya estamos en marzo, y este a\u00f1o el Entroido o el Carnaval coincide con a finales de febrero, pero en Jap\u00f3n se celebra el Carnaval?? Pues no, pero una banda de rock japon\u00e9s <a href=\"https:\/\/es.wikipedia.org\/wiki\/Kishidan\" target=\"_blank\" rel=\"noopener\"><em><strong>\u6c23\u5fd7\u5718 (Kishidan)<\/strong><\/em><\/a>tiene un tema bastante popular, sobre todo en el Karaoke sobre el Carnaval\u00a0 \ud83d\ude0e<\/p>\n<p style=\"text-align: center;\">\n<iframe src=\"https:\/\/www.youtube.com\/embed\/3fpI821FfUM\" width=\"560\" height=\"315\" frameborder=\"0\" allowfullscreen=\"allowfullscreen\"><\/iframe><\/p>\n<p style=\"text-align: center;\"><iframe src=\"https:\/\/www.youtube.com\/embed\/ZiE85n-P1bc\" width=\"560\" height=\"315\" frameborder=\"0\" allowfullscreen=\"allowfullscreen\"><\/iframe><\/p>\n<h3>Festival dedicado a las ni\u00f1as<\/h3>\n<p>Seguramente se puede informar de todo hoy en d\u00eda por internet. El m\u00e1s famoso es <strong><em><a href=\"https:\/\/es.wikipedia.org\/wiki\/Hinamatsuri\" target=\"_blank\" rel=\"noopener\">Hinamatsuri, o la fiesta de las mu\u00f1ecas<\/a><\/em><\/strong>. Es el d\u00eda 3 de marzo y es una fiesta dedicada para las ni\u00f1as. Como tradici\u00f3n, exponemos las mu\u00f1ecas como se ve en la foto. En mi casa cada vez que se acercaba las expon\u00edamos, vamos, es como arbol de Navidad. \ud83d\ude09<\/p>\n<p><img data-recalc-dims=\"1\" fetchpriority=\"high\" decoding=\"async\" class=\"alignnone size-large wp-image-691\" src=\"https:\/\/i0.wp.com\/aprendejaponesencoru.com\/wp-content\/uploads\/2017\/03\/%E3%81%B2%E3%81%AA%E7%A5%AD%E3%82%8A-1024x768.jpg?resize=810%2C608\" alt=\"\" width=\"810\" height=\"608\" \/><\/p>\n<h3>Valentine \u2260 White<\/h3>\n<p>El siguiente ser\u00e1 <a href=\"https:\/\/es.wikipedia.org\/wiki\/White_Day\" target=\"_blank\" rel=\"noopener\"><strong><em>el White Day, o D\u00eda Blanco<\/em><\/strong><\/a>. Es el d\u00eda 14 de marzo y es un d\u00eda parecido a San Valent\u00edn, es cuando devuelven dando un regalo aquellos afortunados o desafortunados hombres que recibieron chocolates el d\u00eda de San Valent\u00edn, a aquella\/s mujer\/es. Pero s\u00ed, a las que regalaron chocolates (o regalos). Gracias al marketing de aquellas empresas\/fabricantes de dulces, esta tradici\u00f3n gan\u00f3 la popularidad y se estableci\u00f3 en Jap\u00f3n. Y apareci\u00f3 la Polarizaci\u00f3n de Amor&#8230;.. \ud83d\ude15 \ud83d\ude44<\/p>\n<p><img data-recalc-dims=\"1\" decoding=\"async\" class=\"alignnone wp-image-694 size-medium aligncenter\" src=\"https:\/\/i0.wp.com\/aprendejaponesencoru.com\/wp-content\/uploads\/2017\/03\/white_day_couple-300x290.png?resize=300%2C290\" width=\"300\" height=\"290\" \/> <img data-recalc-dims=\"1\" decoding=\"async\" class=\"alignnone wp-image-695 size-medium aligncenter\" src=\"https:\/\/i0.wp.com\/aprendejaponesencoru.com\/wp-content\/uploads\/2017\/03\/white_day_heart-300x244.png?resize=300%2C244\" width=\"300\" height=\"244\" \/><\/p>\n<p>&nbsp;<\/p>\n<h3>\u00c9poca de cambio, nuevo camino por delante!!<\/h3>\n<p>El m\u00e1s importante de este mes para nosotros (japoneses) sin duda, si eres estudiante Sotsugyooshiki o la Graduaci\u00f3n, si eres trabajador, el \u00faltimo mes del a\u00f1o fiscal. En Jap\u00f3n, el mes de abril es el mes de inicio, tanto a\u00f1o escolar como laboral. Por lo tanto, es el \u00faltimo mes para aquellos estudiantes que, a partir del mes siguiente empiezan nuevo camino de su vida. Para aquellos trabajadores\/empleados, igual les tocan cambios de departamento o de oficina, jubilaci\u00f3n, ascenso o descenso&#8230;.puede que les toquen nuevos jefes. \ud83d\ude06<\/p>\n<p><img data-recalc-dims=\"1\" loading=\"lazy\" decoding=\"async\" class=\"alignnone size-full wp-image-703 aligncenter\" src=\"https:\/\/i0.wp.com\/aprendejaponesencoru.com\/wp-content\/uploads\/2017\/03\/graduation2.gif?resize=600%2C400\" alt=\"\" width=\"600\" height=\"400\" \/><\/p>\n<h4>Tercer mes del a\u00f1o 2017<\/h4>\n<p>De todas formas, al acabar este mes, acaba el primer trimestre de este a\u00f1o&#8230;desde luego el tiempo cada vez pasa volando!! \ud83d\ude2f\u00a0 \ud83d\ude2f\u00a0 Mi objetivo es avanzar paso a paso y mejorar poquito a poco, ir super\u00e1ndome a m\u00ed mismo. En fin, a ver qu\u00e9 comentario al respecto voy a hacer al final de este mes. \ud83d\ude06\u00a0 \ud83d\ude06<\/p>\n","protected":false},"excerpt":{"rendered":"<p>Hola!! \u3053\u3093\u306b\u3061\u306f\u30fc\uff01 Qu\u00e9 hay en marzo?? Ya estamos en marzo,<\/p>\n","protected":false},"author":1,"featured_media":707,"comment_status":"open","ping_status":"open","sticky":false,"template":"","format":"standard","meta":{"_acf_changed":false,"_jetpack_memberships_contains_paid_content":false,"footnotes":"","jetpack_publicize_message":"","jetpack_publicize_feature_enabled":true,"jetpack_social_post_already_shared":false,"jetpack_social_options":{"image_generator_settings":{"template":"highway","default_image_id":0,"font":"","enabled":false},"version":2}},"categories":[2],"tags":[3,33,34,35,36,37,38,39,40,41,11,42,43,44,45,46,47,48,49,50],"class_list":["post-686","post","type-post","status-publish","format-standard","has-post-thumbnail","hentry","category-blog","tag-blog","tag-carnaval","tag-costumbres","tag-diablanco","tag-entroido","tag-festival-de-las-ninas","tag-fiesta-de-las-munecas","tag-fiesta-de-las-ninas","tag-hinamatsuri","tag-japon","tag-japones","tag-japonesas","tag-karaoke","tag-kishidan","tag-marzo","tag-polarizacion","tag-san-valentin","tag-tradicion","tag-tradicion-en-japon","tag-whiteday"],"acf":[],"yoast_head":"<!-- This site is optimized with the Yoast SEO plugin v27.5 - https:\/\/yoast.com\/product\/yoast-seo-wordpress\/ -->\n<title>Marzo, y qu\u00e9 fiestas\/eventos hay en Jap\u00f3n?? - aprendejaponesencoru.com :: Blog<\/title>\n<meta name=\"robots\" content=\"index, follow, max-snippet:-1, max-image-preview:large, max-video-preview:-1\" \/>\n<link rel=\"canonical\" href=\"https:\/\/aprendejaponesencoru.com\/blog\/marzo-y-que-fiestaseventos-hay-en-japon\/\" \/>\n<meta property=\"og:locale\" content=\"es_ES\" \/>\n<meta property=\"og:type\" content=\"article\" \/>\n<meta property=\"og:title\" content=\"Marzo, y qu\u00e9 fiestas\/eventos hay en Jap\u00f3n?? - aprendejaponesencoru.com :: Blog\" \/>\n<meta property=\"og:description\" content=\"Hola!! \u3053\u3093\u306b\u3061\u306f\u30fc\uff01 Qu\u00e9 hay en marzo?? Ya estamos en marzo,\" \/>\n<meta property=\"og:url\" content=\"https:\/\/aprendejaponesencoru.com\/blog\/marzo-y-que-fiestaseventos-hay-en-japon\/\" \/>\n<meta property=\"og:site_name\" content=\"aprendejaponesencoru.com :: Blog\" \/>\n<meta property=\"article:published_time\" content=\"2017-03-01T20:17:04+00:00\" \/>\n<meta name=\"author\" content=\"Daikito Sensei\" \/>\n<meta name=\"twitter:card\" content=\"summary_large_image\" \/>\n<meta name=\"twitter:label1\" content=\"Escrito por\" \/>\n\t<meta name=\"twitter:data1\" content=\"Daikito Sensei\" \/>\n\t<meta name=\"twitter:label2\" content=\"Tiempo de lectura\" \/>\n\t<meta name=\"twitter:data2\" content=\"2 minutos\" \/>\n<script type=\"application\/ld+json\" class=\"yoast-schema-graph\">{\"@context\":\"https:\\\/\\\/schema.org\",\"@graph\":[{\"@type\":\"Article\",\"@id\":\"https:\\\/\\\/aprendejaponesencoru.com\\\/blog\\\/marzo-y-que-fiestaseventos-hay-en-japon\\\/#article\",\"isPartOf\":{\"@id\":\"https:\\\/\\\/aprendejaponesencoru.com\\\/blog\\\/marzo-y-que-fiestaseventos-hay-en-japon\\\/\"},\"author\":{\"name\":\"Daikito Sensei\",\"@id\":\"https:\\\/\\\/aprendejaponesencoru.com\\\/blog\\\/#\\\/schema\\\/person\\\/c26e6e317be97278b62fe3778c998a65\"},\"headline\":\"Marzo, y qu\u00e9 fiestas\\\/eventos hay en Jap\u00f3n??\",\"datePublished\":\"2017-03-01T20:17:04+00:00\",\"mainEntityOfPage\":{\"@id\":\"https:\\\/\\\/aprendejaponesencoru.com\\\/blog\\\/marzo-y-que-fiestaseventos-hay-en-japon\\\/\"},\"wordCount\":404,\"commentCount\":0,\"image\":{\"@id\":\"https:\\\/\\\/aprendejaponesencoru.com\\\/blog\\\/marzo-y-que-fiestaseventos-hay-en-japon\\\/#primaryimage\"},\"thumbnailUrl\":\"\",\"keywords\":[\"blog\",\"carnaval\",\"costumbres\",\"D\u00edaBlanco\",\"entroido\",\"festival de las ni\u00f1as\",\"fiesta de las mu\u00f1ecas\",\"fiesta de las ni\u00f1as\",\"Hinamatsuri\",\"Jap\u00f3n\",\"japon\u00e9s\",\"japonesas\",\"karaoke\",\"kishidan\",\"marzo\",\"Polarizaci\u00f3n\",\"san valent\u00edn\",\"tradici\u00f3n\",\"tradici\u00f3n en Jap\u00f3n\",\"WhiteDay\"],\"articleSection\":[\"Blog\"],\"inLanguage\":\"es\",\"potentialAction\":[{\"@type\":\"CommentAction\",\"name\":\"Comment\",\"target\":[\"https:\\\/\\\/aprendejaponesencoru.com\\\/blog\\\/marzo-y-que-fiestaseventos-hay-en-japon\\\/#respond\"]}]},{\"@type\":\"WebPage\",\"@id\":\"https:\\\/\\\/aprendejaponesencoru.com\\\/blog\\\/marzo-y-que-fiestaseventos-hay-en-japon\\\/\",\"url\":\"https:\\\/\\\/aprendejaponesencoru.com\\\/blog\\\/marzo-y-que-fiestaseventos-hay-en-japon\\\/\",\"name\":\"Marzo, y qu\u00e9 fiestas\\\/eventos hay en Jap\u00f3n?? - aprendejaponesencoru.com :: Blog\",\"isPartOf\":{\"@id\":\"https:\\\/\\\/aprendejaponesencoru.com\\\/blog\\\/#website\"},\"primaryImageOfPage\":{\"@id\":\"https:\\\/\\\/aprendejaponesencoru.com\\\/blog\\\/marzo-y-que-fiestaseventos-hay-en-japon\\\/#primaryimage\"},\"image\":{\"@id\":\"https:\\\/\\\/aprendejaponesencoru.com\\\/blog\\\/marzo-y-que-fiestaseventos-hay-en-japon\\\/#primaryimage\"},\"thumbnailUrl\":\"\",\"datePublished\":\"2017-03-01T20:17:04+00:00\",\"author\":{\"@id\":\"https:\\\/\\\/aprendejaponesencoru.com\\\/blog\\\/#\\\/schema\\\/person\\\/c26e6e317be97278b62fe3778c998a65\"},\"breadcrumb\":{\"@id\":\"https:\\\/\\\/aprendejaponesencoru.com\\\/blog\\\/marzo-y-que-fiestaseventos-hay-en-japon\\\/#breadcrumb\"},\"inLanguage\":\"es\",\"potentialAction\":[{\"@type\":\"ReadAction\",\"target\":[\"https:\\\/\\\/aprendejaponesencoru.com\\\/blog\\\/marzo-y-que-fiestaseventos-hay-en-japon\\\/\"]}]},{\"@type\":\"ImageObject\",\"inLanguage\":\"es\",\"@id\":\"https:\\\/\\\/aprendejaponesencoru.com\\\/blog\\\/marzo-y-que-fiestaseventos-hay-en-japon\\\/#primaryimage\",\"url\":\"\",\"contentUrl\":\"\"},{\"@type\":\"BreadcrumbList\",\"@id\":\"https:\\\/\\\/aprendejaponesencoru.com\\\/blog\\\/marzo-y-que-fiestaseventos-hay-en-japon\\\/#breadcrumb\",\"itemListElement\":[{\"@type\":\"ListItem\",\"position\":1,\"name\":\"\u30db\u30fc\u30e0\",\"item\":\"https:\\\/\\\/aprendejaponesencoru.com\\\/blog\\\/\"},{\"@type\":\"ListItem\",\"position\":2,\"name\":\"Marzo, y qu\u00e9 fiestas\\\/eventos hay en Jap\u00f3n??\"}]},{\"@type\":\"WebSite\",\"@id\":\"https:\\\/\\\/aprendejaponesencoru.com\\\/blog\\\/#website\",\"url\":\"https:\\\/\\\/aprendejaponesencoru.com\\\/blog\\\/\",\"name\":\"aprendejaponesencoru.com :: Blog\",\"description\":\"Clases particulares de japon\u00e9s en La Coru\u00f1a con un profesor nativo\",\"potentialAction\":[{\"@type\":\"SearchAction\",\"target\":{\"@type\":\"EntryPoint\",\"urlTemplate\":\"https:\\\/\\\/aprendejaponesencoru.com\\\/blog\\\/?s={search_term_string}\"},\"query-input\":{\"@type\":\"PropertyValueSpecification\",\"valueRequired\":true,\"valueName\":\"search_term_string\"}}],\"inLanguage\":\"es\"},{\"@type\":\"Person\",\"@id\":\"https:\\\/\\\/aprendejaponesencoru.com\\\/blog\\\/#\\\/schema\\\/person\\\/c26e6e317be97278b62fe3778c998a65\",\"name\":\"Daikito Sensei\",\"image\":{\"@type\":\"ImageObject\",\"inLanguage\":\"es\",\"@id\":\"https:\\\/\\\/secure.gravatar.com\\\/avatar\\\/0abeb34749a49ed737756245c06589b60990464d5e325750de73cfbdde873ace?s=96&d=mm&r=g\",\"url\":\"https:\\\/\\\/secure.gravatar.com\\\/avatar\\\/0abeb34749a49ed737756245c06589b60990464d5e325750de73cfbdde873ace?s=96&d=mm&r=g\",\"contentUrl\":\"https:\\\/\\\/secure.gravatar.com\\\/avatar\\\/0abeb34749a49ed737756245c06589b60990464d5e325750de73cfbdde873ace?s=96&d=mm&r=g\",\"caption\":\"Daikito Sensei\"},\"sameAs\":[\"https:\\\/\\\/aprendejaponesencoru.com\\\/blog\"],\"url\":\"https:\\\/\\\/aprendejaponesencoru.com\\\/blog\\\/author\\\/daikito_sensei\\\/\"}]}<\/script>\n<!-- \/ Yoast SEO plugin. -->","yoast_head_json":{"title":"Marzo, y qu\u00e9 fiestas\/eventos hay en Jap\u00f3n?? - aprendejaponesencoru.com :: Blog","robots":{"index":"index","follow":"follow","max-snippet":"max-snippet:-1","max-image-preview":"max-image-preview:large","max-video-preview":"max-video-preview:-1"},"canonical":"https:\/\/aprendejaponesencoru.com\/blog\/marzo-y-que-fiestaseventos-hay-en-japon\/","og_locale":"es_ES","og_type":"article","og_title":"Marzo, y qu\u00e9 fiestas\/eventos hay en Jap\u00f3n?? - aprendejaponesencoru.com :: Blog","og_description":"Hola!! \u3053\u3093\u306b\u3061\u306f\u30fc\uff01 Qu\u00e9 hay en marzo?? Ya estamos en marzo,","og_url":"https:\/\/aprendejaponesencoru.com\/blog\/marzo-y-que-fiestaseventos-hay-en-japon\/","og_site_name":"aprendejaponesencoru.com :: Blog","article_published_time":"2017-03-01T20:17:04+00:00","author":"Daikito Sensei","twitter_card":"summary_large_image","twitter_misc":{"Escrito por":"Daikito Sensei","Tiempo de lectura":"2 minutos"},"schema":{"@context":"https:\/\/schema.org","@graph":[{"@type":"Article","@id":"https:\/\/aprendejaponesencoru.com\/blog\/marzo-y-que-fiestaseventos-hay-en-japon\/#article","isPartOf":{"@id":"https:\/\/aprendejaponesencoru.com\/blog\/marzo-y-que-fiestaseventos-hay-en-japon\/"},"author":{"name":"Daikito Sensei","@id":"https:\/\/aprendejaponesencoru.com\/blog\/#\/schema\/person\/c26e6e317be97278b62fe3778c998a65"},"headline":"Marzo, y qu\u00e9 fiestas\/eventos hay en Jap\u00f3n??","datePublished":"2017-03-01T20:17:04+00:00","mainEntityOfPage":{"@id":"https:\/\/aprendejaponesencoru.com\/blog\/marzo-y-que-fiestaseventos-hay-en-japon\/"},"wordCount":404,"commentCount":0,"image":{"@id":"https:\/\/aprendejaponesencoru.com\/blog\/marzo-y-que-fiestaseventos-hay-en-japon\/#primaryimage"},"thumbnailUrl":"","keywords":["blog","carnaval","costumbres","D\u00edaBlanco","entroido","festival de las ni\u00f1as","fiesta de las mu\u00f1ecas","fiesta de las ni\u00f1as","Hinamatsuri","Jap\u00f3n","japon\u00e9s","japonesas","karaoke","kishidan","marzo","Polarizaci\u00f3n","san valent\u00edn","tradici\u00f3n","tradici\u00f3n en Jap\u00f3n","WhiteDay"],"articleSection":["Blog"],"inLanguage":"es","potentialAction":[{"@type":"CommentAction","name":"Comment","target":["https:\/\/aprendejaponesencoru.com\/blog\/marzo-y-que-fiestaseventos-hay-en-japon\/#respond"]}]},{"@type":"WebPage","@id":"https:\/\/aprendejaponesencoru.com\/blog\/marzo-y-que-fiestaseventos-hay-en-japon\/","url":"https:\/\/aprendejaponesencoru.com\/blog\/marzo-y-que-fiestaseventos-hay-en-japon\/","name":"Marzo, y qu\u00e9 fiestas\/eventos hay en Jap\u00f3n?? - aprendejaponesencoru.com :: Blog","isPartOf":{"@id":"https:\/\/aprendejaponesencoru.com\/blog\/#website"},"primaryImageOfPage":{"@id":"https:\/\/aprendejaponesencoru.com\/blog\/marzo-y-que-fiestaseventos-hay-en-japon\/#primaryimage"},"image":{"@id":"https:\/\/aprendejaponesencoru.com\/blog\/marzo-y-que-fiestaseventos-hay-en-japon\/#primaryimage"},"thumbnailUrl":"","datePublished":"2017-03-01T20:17:04+00:00","author":{"@id":"https:\/\/aprendejaponesencoru.com\/blog\/#\/schema\/person\/c26e6e317be97278b62fe3778c998a65"},"breadcrumb":{"@id":"https:\/\/aprendejaponesencoru.com\/blog\/marzo-y-que-fiestaseventos-hay-en-japon\/#breadcrumb"},"inLanguage":"es","potentialAction":[{"@type":"ReadAction","target":["https:\/\/aprendejaponesencoru.com\/blog\/marzo-y-que-fiestaseventos-hay-en-japon\/"]}]},{"@type":"ImageObject","inLanguage":"es","@id":"https:\/\/aprendejaponesencoru.com\/blog\/marzo-y-que-fiestaseventos-hay-en-japon\/#primaryimage","url":"","contentUrl":""},{"@type":"BreadcrumbList","@id":"https:\/\/aprendejaponesencoru.com\/blog\/marzo-y-que-fiestaseventos-hay-en-japon\/#breadcrumb","itemListElement":[{"@type":"ListItem","position":1,"name":"\u30db\u30fc\u30e0","item":"https:\/\/aprendejaponesencoru.com\/blog\/"},{"@type":"ListItem","position":2,"name":"Marzo, y qu\u00e9 fiestas\/eventos hay en Jap\u00f3n??"}]},{"@type":"WebSite","@id":"https:\/\/aprendejaponesencoru.com\/blog\/#website","url":"https:\/\/aprendejaponesencoru.com\/blog\/","name":"aprendejaponesencoru.com :: Blog","description":"Clases particulares de japon\u00e9s en La Coru\u00f1a con un profesor nativo","potentialAction":[{"@type":"SearchAction","target":{"@type":"EntryPoint","urlTemplate":"https:\/\/aprendejaponesencoru.com\/blog\/?s={search_term_string}"},"query-input":{"@type":"PropertyValueSpecification","valueRequired":true,"valueName":"search_term_string"}}],"inLanguage":"es"},{"@type":"Person","@id":"https:\/\/aprendejaponesencoru.com\/blog\/#\/schema\/person\/c26e6e317be97278b62fe3778c998a65","name":"Daikito Sensei","image":{"@type":"ImageObject","inLanguage":"es","@id":"https:\/\/secure.gravatar.com\/avatar\/0abeb34749a49ed737756245c06589b60990464d5e325750de73cfbdde873ace?s=96&d=mm&r=g","url":"https:\/\/secure.gravatar.com\/avatar\/0abeb34749a49ed737756245c06589b60990464d5e325750de73cfbdde873ace?s=96&d=mm&r=g","contentUrl":"https:\/\/secure.gravatar.com\/avatar\/0abeb34749a49ed737756245c06589b60990464d5e325750de73cfbdde873ace?s=96&d=mm&r=g","caption":"Daikito Sensei"},"sameAs":["https:\/\/aprendejaponesencoru.com\/blog"],"url":"https:\/\/aprendejaponesencoru.com\/blog\/author\/daikito_sensei\/"}]}},"jetpack_publicize_connections":[],"jetpack_featured_media_url":"","jetpack-related-posts":[{"id":114112,"url":"https:\/\/aprendejaponesencoru.com\/blog\/por-que-saitama-es-dasaitama-el-origen-y-la-imagen-de-la-prefectura-mas-despreciada-de-japon\/","url_meta":{"origin":686,"position":0},"title":"Por qu\u00e9 Saitama es \u00abDaSaitama\u00bb? El origen y la imagen de la prefectura m\u00e1s despreciada de Jap\u00f3n","author":"Daikito Sensei","date":"15 de febrero de 2024","format":false,"excerpt":"\u00bfSab\u00e9is d\u00f3nde est\u00e1 Saitama? No, no es el personaje de Manga\/Anime. Es una prefectura de Jap\u00f3n. En este post voy a hablar de las imagen que tenemos nosotros de la prefectura de Saitama y de algunas m\u00e1s de Jap\u00f3n. Saitama: la prefectura incomprendida de Jap\u00f3n Una prefectura es es una\u2026","rel":"","context":"En \u00abBlog\u00bb","block_context":{"text":"Blog","link":"https:\/\/aprendejaponesencoru.com\/blog\/category\/blog\/"},"img":{"alt_text":"","src":"https:\/\/i0.wp.com\/aprendejaponesencoru.com\/blog\/wp-content\/uploads\/2024\/02\/thumbnail-DaSai.png?fit=850%2C850&ssl=1&resize=350%2C200","width":350,"height":200,"srcset":"https:\/\/i0.wp.com\/aprendejaponesencoru.com\/blog\/wp-content\/uploads\/2024\/02\/thumbnail-DaSai.png?fit=850%2C850&ssl=1&resize=350%2C200 1x, https:\/\/i0.wp.com\/aprendejaponesencoru.com\/blog\/wp-content\/uploads\/2024\/02\/thumbnail-DaSai.png?fit=850%2C850&ssl=1&resize=525%2C300 1.5x, https:\/\/i0.wp.com\/aprendejaponesencoru.com\/blog\/wp-content\/uploads\/2024\/02\/thumbnail-DaSai.png?fit=850%2C850&ssl=1&resize=700%2C400 2x"},"classes":[]},{"id":114023,"url":"https:\/\/aprendejaponesencoru.com\/blog\/hooligans-nipones-el-lado-oscuro-importado-al-futbol-japones\/","url_meta":{"origin":686,"position":1},"title":"Hooligans nipones: \u00bfel lado oscuro importado al f\u00fatbol japon\u00e9s?","author":"Daikito Sensei","date":"28 de septiembre de 2023","format":false,"excerpt":"\u00bfLos japoneses son realmente educados y respetuosos? En esta ocasi\u00f3n, hablar\u00e9 sobre f\u00fatbol. Si dejas de seguir leer por esta frase porque odias f\u00fatbol, no va a ser como est\u00e1s pensando. Creo que nosotros los japoneses somos buenos para absorber y adoptar diferentes culturas extranjeras. No s\u00e9 si tenemos una\u2026","rel":"","context":"En \u00abBlog\u00bb","block_context":{"text":"Blog","link":"https:\/\/aprendejaponesencoru.com\/blog\/category\/blog\/"},"img":{"alt_text":"","src":"https:\/\/i0.wp.com\/aprendejaponesencoru.com\/blog\/wp-content\/uploads\/2023\/09\/OIG.8zgIhPmgfxZlwGzk8c0n.jpg?fit=1024%2C1024&ssl=1&resize=350%2C200","width":350,"height":200,"srcset":"https:\/\/i0.wp.com\/aprendejaponesencoru.com\/blog\/wp-content\/uploads\/2023\/09\/OIG.8zgIhPmgfxZlwGzk8c0n.jpg?fit=1024%2C1024&ssl=1&resize=350%2C200 1x, https:\/\/i0.wp.com\/aprendejaponesencoru.com\/blog\/wp-content\/uploads\/2023\/09\/OIG.8zgIhPmgfxZlwGzk8c0n.jpg?fit=1024%2C1024&ssl=1&resize=525%2C300 1.5x, https:\/\/i0.wp.com\/aprendejaponesencoru.com\/blog\/wp-content\/uploads\/2023\/09\/OIG.8zgIhPmgfxZlwGzk8c0n.jpg?fit=1024%2C1024&ssl=1&resize=700%2C400 2x"},"classes":[]},{"id":114037,"url":"https:\/\/aprendejaponesencoru.com\/blog\/deja-de-buscar-el-metodo-kanji-perfecto-esta-es-la-verdad-que-debes-aceptar\/","url_meta":{"origin":686,"position":2},"title":"Deja de buscar el m\u00e9todo kanji PERFECTO: Esta es la verdad que debes aceptar","author":"Daikito Sensei","date":"21 de noviembre de 2023","format":false,"excerpt":"Profe de japon\u00e9s pide ayuda aprender los kanjis Os voy a pedir vuestra ayuda. No s\u00e9 si todos vosotros estudi\u00e1is japon\u00e9s o no. Pero, \u00bfconoc\u00e9is alguna app, buena aplicaci\u00f3n para aprender los kanjis? Y si ya llev\u00e1is estudiando japon\u00e9s un tiempo y ya conoc\u00e9is muchos kanjis, \u00bfc\u00f3mo hab\u00edais aprendido? \u00bfCu\u00e1l\u2026","rel":"","context":"En \u00abBlog\u00bb","block_context":{"text":"Blog","link":"https:\/\/aprendejaponesencoru.com\/blog\/category\/blog\/"},"img":{"alt_text":"","src":"https:\/\/i0.wp.com\/aprendejaponesencoru.com\/blog\/wp-content\/uploads\/2023\/11\/4e09f5b4-950f-4cf1-9fe4-789d729ac4e8.png?fit=768%2C512&ssl=1&resize=350%2C200","width":350,"height":200,"srcset":"https:\/\/i0.wp.com\/aprendejaponesencoru.com\/blog\/wp-content\/uploads\/2023\/11\/4e09f5b4-950f-4cf1-9fe4-789d729ac4e8.png?fit=768%2C512&ssl=1&resize=350%2C200 1x, https:\/\/i0.wp.com\/aprendejaponesencoru.com\/blog\/wp-content\/uploads\/2023\/11\/4e09f5b4-950f-4cf1-9fe4-789d729ac4e8.png?fit=768%2C512&ssl=1&resize=525%2C300 1.5x, https:\/\/i0.wp.com\/aprendejaponesencoru.com\/blog\/wp-content\/uploads\/2023\/11\/4e09f5b4-950f-4cf1-9fe4-789d729ac4e8.png?fit=768%2C512&ssl=1&resize=700%2C400 2x"},"classes":[]},{"id":114284,"url":"https:\/\/aprendejaponesencoru.com\/blog\/cena-alumnos-japones-coruna\/","url_meta":{"origin":686,"position":3},"title":"\ud83c\udf55Cenar juntos tambi\u00e9n es aprender japon\u00e9s","author":"Daikito Sensei","date":"30 de junio de 2025","format":false,"excerpt":"El aprendizaje del japon\u00e9s no solo ocurre en clase, entre apuntes, hiragana y kanji. A veces, tambi\u00e9n sucede alrededor de una mesa, compartiendo risas, una buena comida y una copa de sangr\u00eda. Un encuentro m\u00e1s all\u00e1 de las clases Hace un par de semanas celebramos una cena: una quedada entre\u2026","rel":"","context":"En \u00abBlog\u00bb","block_context":{"text":"Blog","link":"https:\/\/aprendejaponesencoru.com\/blog\/category\/blog\/"},"img":{"alt_text":"","src":"https:\/\/i0.wp.com\/aprendejaponesencoru.com\/blog\/wp-content\/uploads\/2025\/06\/thumb1.png?fit=1200%2C678&ssl=1&resize=350%2C200","width":350,"height":200,"srcset":"https:\/\/i0.wp.com\/aprendejaponesencoru.com\/blog\/wp-content\/uploads\/2025\/06\/thumb1.png?fit=1200%2C678&ssl=1&resize=350%2C200 1x, https:\/\/i0.wp.com\/aprendejaponesencoru.com\/blog\/wp-content\/uploads\/2025\/06\/thumb1.png?fit=1200%2C678&ssl=1&resize=525%2C300 1.5x, https:\/\/i0.wp.com\/aprendejaponesencoru.com\/blog\/wp-content\/uploads\/2025\/06\/thumb1.png?fit=1200%2C678&ssl=1&resize=700%2C400 2x, https:\/\/i0.wp.com\/aprendejaponesencoru.com\/blog\/wp-content\/uploads\/2025\/06\/thumb1.png?fit=1200%2C678&ssl=1&resize=1050%2C600 3x"},"classes":[]},{"id":113933,"url":"https:\/\/aprendejaponesencoru.com\/blog\/la-injusta-responsabilidad-colectiva-en-japon-cuando-el-equipo-paga-por-la-cagada-de-uno\/","url_meta":{"origin":686,"position":4},"title":"La INJUSTA RESPONSABILIDAD COLECTIVA en Jap\u00f3n: cuando el equipo paga por la cagada de uno","author":"Daikito Sensei","date":"17 de agosto de 2023","format":false,"excerpt":"Este tema nace del post anterior. Este concepto es MUY JAPON\u00c9S. Hablamos de la RESPONSABILIDAD COLECTIVA \/ SOLIDARIA (\u9023\u5e2f\u8cac\u4efb \/ \u308c\u3093\u305f\u3044\u305b\u304d\u306b\u3093 \/ rentai sekinin). En el post anterior, habl\u00e9 de una noticia sobre el caso de un estudiante del equipo de f\u00fatbol americano de la Universidad Nihon, Jap\u00f3n que fue\u2026","rel":"","context":"En \u00abBlog\u00bb","block_context":{"text":"Blog","link":"https:\/\/aprendejaponesencoru.com\/blog\/category\/blog\/"},"img":{"alt_text":"","src":"https:\/\/i0.wp.com\/aprendejaponesencoru.com\/blog\/wp-content\/uploads\/2023\/08\/OIG.cv5xOa0NOeuLsTxdVOd8.jpg?fit=1024%2C1024&ssl=1&resize=350%2C200","width":350,"height":200,"srcset":"https:\/\/i0.wp.com\/aprendejaponesencoru.com\/blog\/wp-content\/uploads\/2023\/08\/OIG.cv5xOa0NOeuLsTxdVOd8.jpg?fit=1024%2C1024&ssl=1&resize=350%2C200 1x, https:\/\/i0.wp.com\/aprendejaponesencoru.com\/blog\/wp-content\/uploads\/2023\/08\/OIG.cv5xOa0NOeuLsTxdVOd8.jpg?fit=1024%2C1024&ssl=1&resize=525%2C300 1.5x, https:\/\/i0.wp.com\/aprendejaponesencoru.com\/blog\/wp-content\/uploads\/2023\/08\/OIG.cv5xOa0NOeuLsTxdVOd8.jpg?fit=1024%2C1024&ssl=1&resize=700%2C400 2x"},"classes":[]},{"id":113696,"url":"https:\/\/aprendejaponesencoru.com\/blog\/gracias-en-japones-sabeis-usarlo-bien\/","url_meta":{"origin":686,"position":5},"title":"Parece f\u00e1cil pero dif\u00edcil!? Gracias en japon\u00e9s \ud83c\uddef\ud83c\uddf5 sab\u00e9is usarlo bien?","author":"Daikito Sensei","date":"13 de septiembre de 2020","format":false,"excerpt":"\u306f\u3044\u3001\u3069\u3046\u3082\u301c\uff01 Dec\u00eds bien en japon\u00e9s \u201cgracias\u201d? Os preguntasteis por qu\u00e9 hay \u3042\u308a\u304c\u3068\u3046\u3054\u3056\u3044\u307e\u3059 (arigatoogozaimasu) y \u3042\u308a\u304c\u3068\u3046\u3054\u3056\u3044\u307e\u3057\u305f (arigatoogozaimashita)? \ud83d\udde3En qu\u00e9 momento hay que decir uno u otro? \ud83d\udde3Os hab\u00e9is preguntado por qu\u00e9 hay dos? Quieres aprenderlo\u2753Dentro video\u203c\ufe0f Explicai\u00f3n en espa\u00f1ol \ud83c\uddea\ud83c\uddf8\ud83d\ude06 \u307f\u3093\u306a\u898b\u3066\u306d\u301c\uff01\ud83d\ude19 \u00a0","rel":"","context":"En \u00abBlog\u00bb","block_context":{"text":"Blog","link":"https:\/\/aprendejaponesencoru.com\/blog\/category\/blog\/"},"img":{"alt_text":"arigatoo","src":"https:\/\/i0.wp.com\/aprendejaponesencoru.com\/blog\/wp-content\/uploads\/2020\/09\/%E3%82%B9%E3%82%AF%E3%83%AA%E3%83%BC%E3%83%B3%E3%82%B7%E3%83%A7%E3%83%83%E3%83%88-2023-08-02-20.30.40.png?fit=560%2C317&ssl=1&resize=350%2C200","width":350,"height":200,"srcset":"https:\/\/i0.wp.com\/aprendejaponesencoru.com\/blog\/wp-content\/uploads\/2020\/09\/%E3%82%B9%E3%82%AF%E3%83%AA%E3%83%BC%E3%83%B3%E3%82%B7%E3%83%A7%E3%83%83%E3%83%88-2023-08-02-20.30.40.png?fit=560%2C317&ssl=1&resize=350%2C200 1x, https:\/\/i0.wp.com\/aprendejaponesencoru.com\/blog\/wp-content\/uploads\/2020\/09\/%E3%82%B9%E3%82%AF%E3%83%AA%E3%83%BC%E3%83%B3%E3%82%B7%E3%83%A7%E3%83%83%E3%83%88-2023-08-02-20.30.40.png?fit=560%2C317&ssl=1&resize=525%2C300 1.5x"},"classes":[]}],"jetpack_sharing_enabled":true,"_links":{"self":[{"href":"https:\/\/aprendejaponesencoru.com\/blog\/wp-json\/wp\/v2\/posts\/686","targetHints":{"allow":["GET"]}}],"collection":[{"href":"https:\/\/aprendejaponesencoru.com\/blog\/wp-json\/wp\/v2\/posts"}],"about":[{"href":"https:\/\/aprendejaponesencoru.com\/blog\/wp-json\/wp\/v2\/types\/post"}],"author":[{"embeddable":true,"href":"https:\/\/aprendejaponesencoru.com\/blog\/wp-json\/wp\/v2\/users\/1"}],"replies":[{"embeddable":true,"href":"https:\/\/aprendejaponesencoru.com\/blog\/wp-json\/wp\/v2\/comments?post=686"}],"version-history":[{"count":0,"href":"https:\/\/aprendejaponesencoru.com\/blog\/wp-json\/wp\/v2\/posts\/686\/revisions"}],"wp:featuredmedia":[{"embeddable":true,"href":"https:\/\/aprendejaponesencoru.com\/blog\/wp-json\/"}],"wp:attachment":[{"href":"https:\/\/aprendejaponesencoru.com\/blog\/wp-json\/wp\/v2\/media?parent=686"}],"wp:term":[{"taxonomy":"category","embeddable":true,"href":"https:\/\/aprendejaponesencoru.com\/blog\/wp-json\/wp\/v2\/categories?post=686"},{"taxonomy":"post_tag","embeddable":true,"href":"https:\/\/aprendejaponesencoru.com\/blog\/wp-json\/wp\/v2\/tags?post=686"}],"curies":[{"name":"wp","href":"https:\/\/api.w.org\/{rel}","templated":true}]}}