{"id":1019,"date":"2017-09-12T15:35:49","date_gmt":"2017-09-12T13:35:49","guid":{"rendered":"http:\/\/aprendejaponesencoru.com\/?p=1019"},"modified":"2017-09-12T15:35:49","modified_gmt":"2017-09-12T13:35:49","slug":"intimidad-es-de-sospechar","status":"publish","type":"post","link":"https:\/\/aprendejaponesencoru.com\/blog\/intimidad-es-de-sospechar\/","title":{"rendered":"\u00bf\u00bfIntimidad?? Es de sospechar."},"content":{"rendered":"<p>Hola!!\ud83c\uddef\ud83c\uddf5\ud83c\uddea\ud83c\uddf8 Konnichiwaa!!<\/p>\n<p>Ayer estaba leyendo la prensa, que es La Voz de Galicia y me llam\u00f3 la atenci\u00f3n esta noticia.<\/p>\n<div class=\"linkcard\"><div class=\"lkc-external-wrap\"><a class=\"lkc-link no_icon\" href=\"https:\/\/www.lavozdegalicia.es\/noticia\/galicia\/2017\/09\/11\/comunidades-vecinos-instalan-camaras-evitar-robos-vandalismo\/0003_201709G11P4991.htm\" data-lkc-id=\"1\" target=\"_blank\" rel=\"external noopener\"><div class=\"lkc-card\"><div class=\"lkc-info\"><div class=\"lkc-favicon\"><img decoding=\"async\" src=\"https:\/\/www.google.com\/s2\/favicons?domain=www.lavozdegalicia.es\" alt=\"\" width=\"16\" height=\"16\" \/><\/div><div class=\"lkc-domain\">La Voz de Galicia<\/div><\/div><div class=\"lkc-content\"><figure class=\"lkc-thumbnail\"><img decoding=\"async\" class=\"lkc-thumbnail-img\" src=\"https:\/\/s.wordpress.com\/mshots\/v1\/https%3A%2F%2Fwww.lavozdegalicia.es%2Fnoticia%2Fgalicia%2F2017%2F09%2F11%2Fcomunidades-vecinos-instalan-camaras-evitar-robos-vandalismo%2F0003_201709G11P4991.htm?w=200\" width=\"100px\" height=\"108px\" alt=\"\" \/><\/figure><div class=\"lkc-title\">Las comunidades de vecinos instalan c\u00e1maras para evitar robos y vandalismo<\/div><div class=\"lkc-url\" title=\"https:\/\/www.lavozdegalicia.es\/noticia\/galicia\/2017\/09\/11\/comunidades-vecinos-instalan-camaras-evitar-robos-vandalismo\/0003_201709G11P4991.htm\">https:\/\/www.lavozdegalicia.es\/noticia\/galicia\/2017\/09\/11\/comunidades-vecinos-instalan-camaras-evitar-robos-vandalismo\/0003_201709G11P4991.htm<\/div><div class=\"lkc-excerpt\">\u00abLa gente sol\u00eda hacer pis en el portal o romp\u00eda los cristales de la puerta\u00bb, cuenta Mar\u00eda, que vive en una c\u00e9ntrica calle de A Coru\u00f1a, zona de paso hacia los locales de ocio nocturno y una conocida discoteca.<\/div><\/div><div class=\"clear\"><\/div><\/div><\/a><\/div><\/div>\n<h2>El lado oscuro, aunque no lo haya<\/h2>\n<p>S\u00e9 que hoy en d\u00eda muchos ya ni ven telediarios ni leen prensas, porque s\u00f3lo hay malas noticias, manipulaciones por parte de XX&#8230;etc. pero yo sigo leyendo la prensa, concretamente La Voz porque soy muy pringado \ud83d\ude02\ud83d\ude02 Y tambi\u00e9n digo que, si las noticias fueran buenas, o de, por ejemplo, ayudas sociales para X colectivos, alguien ha donado X millones a no s\u00e9 qu\u00e9 fundaci\u00f3n, o simplemente una persona ha hecho bien algo, hay quejas y criticas. Luego pienso; haga lo que haga la gente va a criticar igual \ud83d\ude02\ud83d\ude02<\/p>\n<p style=\"text-align: center;\"><img data-recalc-dims=\"1\" fetchpriority=\"high\" decoding=\"async\" class=\"aligncenter size-full wp-image-1033\" src=\"https:\/\/i0.wp.com\/aprendejaponesencoru.com\/wp-content\/uploads\/2017\/09\/6-e1505222773495.png?resize=400%2C397\" alt=\"\" width=\"400\" height=\"397\" \/><br \/>\n<span style=\"font-size: 8pt;\">S\u00f3lo ves el lado oscuro??<\/span><\/p>\n<h3>Si est\u00e1s en contra, sospecho (como buen japon\u00e9s)<\/h3>\n<p>Si ha reducido el n\u00famero de vandalismo, actos inc\u00edvicos por poner c\u00e1maras de vigilancia o por simplemente poner un cartel, es porque los que hac\u00edan antes sab\u00edan que estaban haciendo algo que no est\u00e1 bien, o est\u00e1 mal \ud83d\ude20\ud83d\udc4a<\/p>\n<p style=\"text-align: center;\"><img data-recalc-dims=\"1\" decoding=\"async\" class=\"aligncenter size-full wp-image-1028\" src=\"https:\/\/i0.wp.com\/aprendejaponesencoru.com\/wp-content\/uploads\/2017\/09\/1-e1505222968279.png?resize=180%2C180\" alt=\"\" width=\"180\" height=\"180\" \/><span style=\"font-size: 8pt;\">Te estoy observando siempre!<\/span><img data-recalc-dims=\"1\" loading=\"lazy\" decoding=\"async\" class=\"aligncenter size-full wp-image-1032\" src=\"https:\/\/i0.wp.com\/aprendejaponesencoru.com\/wp-content\/uploads\/2017\/09\/5-e1505222938561.jpg?resize=200%2C113\" alt=\"\" width=\"200\" height=\"113\" \/><span style=\"font-size: 8pt;\">Porque si no&#8230;.se quedar\u00eda la ciudad as\u00ed??<\/span><\/p>\n<p style=\"text-align: left;\">La cuesti\u00f3n es siguiente; si hay una demostraci\u00f3n de que la gran mayor\u00eda lo hac\u00eda sabiendo que no estaba bien, quiere la gente intimidad. \u00bf\u00bfPero qu\u00e9 intimidad?? \u00bf\u00bfPiensa que hay alguien que est\u00e1 siempre delante de la pantalla observando todo lo que hace cada uno?? No s\u00e9 por qu\u00e9 no le conviene bien si sabemos que si las hay reducen vandalismos y actos inc\u00edvicos, quiz\u00e1 no quiere c\u00e1maras de vigilancia porque, no llega a vandalismo pero har\u00edan\/hac\u00edan algo que no quieren que salgan a la luz?? Como soy de Jap\u00f3n, aunque viv\u00ed s\u00f3lo 15 a\u00f1os de forma continuada, no puedo evitar pensar como un japon\u00e9s, que si a pesar de haber demostrado su eficacia no las quiere es porque no le convienen (porque es de otra parte). Si no tienes nada de que ocultar, \u00bf\u00bfpor qu\u00e9 no?? \ud83d\ude15\ud83d\ude15<\/p>\n<p style=\"text-align: center;\">\u00a0 <img data-recalc-dims=\"1\" loading=\"lazy\" decoding=\"async\" class=\"aligncenter wp-image-1029\" src=\"https:\/\/i0.wp.com\/aprendejaponesencoru.com\/wp-content\/uploads\/2017\/09\/2-1-e1505222860532.png?resize=226%2C227\" alt=\"\" width=\"226\" height=\"227\" \/><img data-recalc-dims=\"1\" loading=\"lazy\" decoding=\"async\" class=\"aligncenter size-full wp-image-1034\" src=\"https:\/\/i0.wp.com\/aprendejaponesencoru.com\/wp-content\/uploads\/2017\/09\/4-e1505223214455.png?resize=152%2C200\" alt=\"\" width=\"152\" height=\"200\" \/><span style=\"font-size: 8pt;\">No, no tienen nada de que ocultar&#8230;.<\/span><\/p>\n<h4>Mi intimidad protegida<\/h4>\n<p>Yo, como buen asi\u00e1tico que soy, tengo un rostro asi\u00e1tico \ud83d\ude01 Voy por la calle y muchos me miran de reojo, o algunos desde arriba abajo. Me encanta porque as\u00ed mi intimidad va a estar siempre protegida \ud83d\ude02\ud83d\ude02<\/p>\n<p><img data-recalc-dims=\"1\" loading=\"lazy\" decoding=\"async\" class=\"aligncenter size-full wp-image-1030\" src=\"https:\/\/i0.wp.com\/aprendejaponesencoru.com\/wp-content\/uploads\/2017\/09\/3-e1505223291486.png?resize=400%2C378\" alt=\"\" width=\"400\" height=\"378\" \/><\/p>\n","protected":false},"excerpt":{"rendered":"<p>Hola!!\ud83c\uddef\ud83c\uddf5\ud83c\uddea\ud83c\uddf8 Konnichiwaa!! Ayer estaba leyendo la prensa, que es La<\/p>\n","protected":false},"author":1,"featured_media":860,"comment_status":"open","ping_status":"open","sticky":false,"template":"","format":"standard","meta":{"_acf_changed":false,"_jetpack_memberships_contains_paid_content":false,"footnotes":"","jetpack_publicize_message":"","jetpack_publicize_feature_enabled":true,"jetpack_social_post_already_shared":false,"jetpack_social_options":{"image_generator_settings":{"template":"highway","default_image_id":0,"font":"","enabled":false},"version":2}},"categories":[2],"tags":[74,75,21,26,76,3,120,121,29,30,79,81,122,41,11,112],"class_list":["post-1019","post","type-post","status-publish","format-standard","has-post-thumbnail","hentry","category-blog","tag-aprende","tag-aprender","tag-aprender-idioma","tag-aprender-japones","tag-aprenderjapones","tag-blog","tag-buen-japones","tag-camaras-de-vigilancia","tag-clasedejapones","tag-coruna","tag-estudiarjapones","tag-idiomajapones","tag-intimidad","tag-japon","tag-japones","tag-xapones"],"acf":[],"yoast_head":"<!-- This site is optimized with the Yoast SEO plugin v27.5 - https:\/\/yoast.com\/product\/yoast-seo-wordpress\/ -->\n<title>\u00bf\u00bfIntimidad?? Es de sospechar. - aprendejaponesencoru.com :: Blog<\/title>\n<meta name=\"robots\" content=\"index, follow, max-snippet:-1, max-image-preview:large, max-video-preview:-1\" \/>\n<link rel=\"canonical\" href=\"https:\/\/aprendejaponesencoru.com\/blog\/intimidad-es-de-sospechar\/\" \/>\n<meta property=\"og:locale\" content=\"es_ES\" \/>\n<meta property=\"og:type\" content=\"article\" \/>\n<meta property=\"og:title\" content=\"\u00bf\u00bfIntimidad?? Es de sospechar. - aprendejaponesencoru.com :: Blog\" \/>\n<meta property=\"og:description\" content=\"Hola!!\ud83c\uddef\ud83c\uddf5\ud83c\uddea\ud83c\uddf8 Konnichiwaa!! Ayer estaba leyendo la prensa, que es La\" \/>\n<meta property=\"og:url\" content=\"https:\/\/aprendejaponesencoru.com\/blog\/intimidad-es-de-sospechar\/\" \/>\n<meta property=\"og:site_name\" content=\"aprendejaponesencoru.com :: Blog\" \/>\n<meta property=\"article:published_time\" content=\"2017-09-12T13:35:49+00:00\" \/>\n<meta name=\"author\" content=\"Daikito Sensei\" \/>\n<meta name=\"twitter:card\" content=\"summary_large_image\" \/>\n<meta name=\"twitter:label1\" content=\"Escrito por\" \/>\n\t<meta name=\"twitter:data1\" content=\"Daikito Sensei\" \/>\n\t<meta name=\"twitter:label2\" content=\"Tiempo de lectura\" \/>\n\t<meta name=\"twitter:data2\" content=\"2 minutos\" \/>\n<script type=\"application\/ld+json\" class=\"yoast-schema-graph\">{\"@context\":\"https:\\\/\\\/schema.org\",\"@graph\":[{\"@type\":\"Article\",\"@id\":\"https:\\\/\\\/aprendejaponesencoru.com\\\/blog\\\/intimidad-es-de-sospechar\\\/#article\",\"isPartOf\":{\"@id\":\"https:\\\/\\\/aprendejaponesencoru.com\\\/blog\\\/intimidad-es-de-sospechar\\\/\"},\"author\":{\"name\":\"Daikito Sensei\",\"@id\":\"https:\\\/\\\/aprendejaponesencoru.com\\\/blog\\\/#\\\/schema\\\/person\\\/c26e6e317be97278b62fe3778c998a65\"},\"headline\":\"\u00bf\u00bfIntimidad?? Es de sospechar.\",\"datePublished\":\"2017-09-12T13:35:49+00:00\",\"mainEntityOfPage\":{\"@id\":\"https:\\\/\\\/aprendejaponesencoru.com\\\/blog\\\/intimidad-es-de-sospechar\\\/\"},\"wordCount\":464,\"commentCount\":0,\"image\":{\"@id\":\"https:\\\/\\\/aprendejaponesencoru.com\\\/blog\\\/intimidad-es-de-sospechar\\\/#primaryimage\"},\"thumbnailUrl\":\"\",\"keywords\":[\"aprende\",\"aprender\",\"aprender idioma\",\"aprender japon\u00e9s\",\"aprenderjapones\",\"blog\",\"Buen japon\u00e9s\",\"c\u00e1maras de vigilancia\",\"clasedejapon\u00e9s\",\"coru\u00f1a\",\"estudiarjapon\u00e9s\",\"idiomajapones\",\"intimidad\",\"Jap\u00f3n\",\"japon\u00e9s\",\"Xapon\u00e9s\"],\"articleSection\":[\"Blog\"],\"inLanguage\":\"es\",\"potentialAction\":[{\"@type\":\"CommentAction\",\"name\":\"Comment\",\"target\":[\"https:\\\/\\\/aprendejaponesencoru.com\\\/blog\\\/intimidad-es-de-sospechar\\\/#respond\"]}]},{\"@type\":\"WebPage\",\"@id\":\"https:\\\/\\\/aprendejaponesencoru.com\\\/blog\\\/intimidad-es-de-sospechar\\\/\",\"url\":\"https:\\\/\\\/aprendejaponesencoru.com\\\/blog\\\/intimidad-es-de-sospechar\\\/\",\"name\":\"\u00bf\u00bfIntimidad?? Es de sospechar. - aprendejaponesencoru.com :: Blog\",\"isPartOf\":{\"@id\":\"https:\\\/\\\/aprendejaponesencoru.com\\\/blog\\\/#website\"},\"primaryImageOfPage\":{\"@id\":\"https:\\\/\\\/aprendejaponesencoru.com\\\/blog\\\/intimidad-es-de-sospechar\\\/#primaryimage\"},\"image\":{\"@id\":\"https:\\\/\\\/aprendejaponesencoru.com\\\/blog\\\/intimidad-es-de-sospechar\\\/#primaryimage\"},\"thumbnailUrl\":\"\",\"datePublished\":\"2017-09-12T13:35:49+00:00\",\"author\":{\"@id\":\"https:\\\/\\\/aprendejaponesencoru.com\\\/blog\\\/#\\\/schema\\\/person\\\/c26e6e317be97278b62fe3778c998a65\"},\"breadcrumb\":{\"@id\":\"https:\\\/\\\/aprendejaponesencoru.com\\\/blog\\\/intimidad-es-de-sospechar\\\/#breadcrumb\"},\"inLanguage\":\"es\",\"potentialAction\":[{\"@type\":\"ReadAction\",\"target\":[\"https:\\\/\\\/aprendejaponesencoru.com\\\/blog\\\/intimidad-es-de-sospechar\\\/\"]}]},{\"@type\":\"ImageObject\",\"inLanguage\":\"es\",\"@id\":\"https:\\\/\\\/aprendejaponesencoru.com\\\/blog\\\/intimidad-es-de-sospechar\\\/#primaryimage\",\"url\":\"\",\"contentUrl\":\"\"},{\"@type\":\"BreadcrumbList\",\"@id\":\"https:\\\/\\\/aprendejaponesencoru.com\\\/blog\\\/intimidad-es-de-sospechar\\\/#breadcrumb\",\"itemListElement\":[{\"@type\":\"ListItem\",\"position\":1,\"name\":\"\u30db\u30fc\u30e0\",\"item\":\"https:\\\/\\\/aprendejaponesencoru.com\\\/blog\\\/\"},{\"@type\":\"ListItem\",\"position\":2,\"name\":\"\u00bf\u00bfIntimidad?? Es de sospechar.\"}]},{\"@type\":\"WebSite\",\"@id\":\"https:\\\/\\\/aprendejaponesencoru.com\\\/blog\\\/#website\",\"url\":\"https:\\\/\\\/aprendejaponesencoru.com\\\/blog\\\/\",\"name\":\"aprendejaponesencoru.com :: Blog\",\"description\":\"Clases particulares de japon\u00e9s en La Coru\u00f1a con un profesor nativo\",\"potentialAction\":[{\"@type\":\"SearchAction\",\"target\":{\"@type\":\"EntryPoint\",\"urlTemplate\":\"https:\\\/\\\/aprendejaponesencoru.com\\\/blog\\\/?s={search_term_string}\"},\"query-input\":{\"@type\":\"PropertyValueSpecification\",\"valueRequired\":true,\"valueName\":\"search_term_string\"}}],\"inLanguage\":\"es\"},{\"@type\":\"Person\",\"@id\":\"https:\\\/\\\/aprendejaponesencoru.com\\\/blog\\\/#\\\/schema\\\/person\\\/c26e6e317be97278b62fe3778c998a65\",\"name\":\"Daikito Sensei\",\"image\":{\"@type\":\"ImageObject\",\"inLanguage\":\"es\",\"@id\":\"https:\\\/\\\/secure.gravatar.com\\\/avatar\\\/0abeb34749a49ed737756245c06589b60990464d5e325750de73cfbdde873ace?s=96&d=mm&r=g\",\"url\":\"https:\\\/\\\/secure.gravatar.com\\\/avatar\\\/0abeb34749a49ed737756245c06589b60990464d5e325750de73cfbdde873ace?s=96&d=mm&r=g\",\"contentUrl\":\"https:\\\/\\\/secure.gravatar.com\\\/avatar\\\/0abeb34749a49ed737756245c06589b60990464d5e325750de73cfbdde873ace?s=96&d=mm&r=g\",\"caption\":\"Daikito Sensei\"},\"sameAs\":[\"https:\\\/\\\/aprendejaponesencoru.com\\\/blog\"],\"url\":\"https:\\\/\\\/aprendejaponesencoru.com\\\/blog\\\/author\\\/daikito_sensei\\\/\"}]}<\/script>\n<!-- \/ Yoast SEO plugin. -->","yoast_head_json":{"title":"\u00bf\u00bfIntimidad?? Es de sospechar. - aprendejaponesencoru.com :: Blog","robots":{"index":"index","follow":"follow","max-snippet":"max-snippet:-1","max-image-preview":"max-image-preview:large","max-video-preview":"max-video-preview:-1"},"canonical":"https:\/\/aprendejaponesencoru.com\/blog\/intimidad-es-de-sospechar\/","og_locale":"es_ES","og_type":"article","og_title":"\u00bf\u00bfIntimidad?? Es de sospechar. - aprendejaponesencoru.com :: Blog","og_description":"Hola!!\ud83c\uddef\ud83c\uddf5\ud83c\uddea\ud83c\uddf8 Konnichiwaa!! Ayer estaba leyendo la prensa, que es La","og_url":"https:\/\/aprendejaponesencoru.com\/blog\/intimidad-es-de-sospechar\/","og_site_name":"aprendejaponesencoru.com :: Blog","article_published_time":"2017-09-12T13:35:49+00:00","author":"Daikito Sensei","twitter_card":"summary_large_image","twitter_misc":{"Escrito por":"Daikito Sensei","Tiempo de lectura":"2 minutos"},"schema":{"@context":"https:\/\/schema.org","@graph":[{"@type":"Article","@id":"https:\/\/aprendejaponesencoru.com\/blog\/intimidad-es-de-sospechar\/#article","isPartOf":{"@id":"https:\/\/aprendejaponesencoru.com\/blog\/intimidad-es-de-sospechar\/"},"author":{"name":"Daikito Sensei","@id":"https:\/\/aprendejaponesencoru.com\/blog\/#\/schema\/person\/c26e6e317be97278b62fe3778c998a65"},"headline":"\u00bf\u00bfIntimidad?? Es de sospechar.","datePublished":"2017-09-12T13:35:49+00:00","mainEntityOfPage":{"@id":"https:\/\/aprendejaponesencoru.com\/blog\/intimidad-es-de-sospechar\/"},"wordCount":464,"commentCount":0,"image":{"@id":"https:\/\/aprendejaponesencoru.com\/blog\/intimidad-es-de-sospechar\/#primaryimage"},"thumbnailUrl":"","keywords":["aprende","aprender","aprender idioma","aprender japon\u00e9s","aprenderjapones","blog","Buen japon\u00e9s","c\u00e1maras de vigilancia","clasedejapon\u00e9s","coru\u00f1a","estudiarjapon\u00e9s","idiomajapones","intimidad","Jap\u00f3n","japon\u00e9s","Xapon\u00e9s"],"articleSection":["Blog"],"inLanguage":"es","potentialAction":[{"@type":"CommentAction","name":"Comment","target":["https:\/\/aprendejaponesencoru.com\/blog\/intimidad-es-de-sospechar\/#respond"]}]},{"@type":"WebPage","@id":"https:\/\/aprendejaponesencoru.com\/blog\/intimidad-es-de-sospechar\/","url":"https:\/\/aprendejaponesencoru.com\/blog\/intimidad-es-de-sospechar\/","name":"\u00bf\u00bfIntimidad?? Es de sospechar. - aprendejaponesencoru.com :: Blog","isPartOf":{"@id":"https:\/\/aprendejaponesencoru.com\/blog\/#website"},"primaryImageOfPage":{"@id":"https:\/\/aprendejaponesencoru.com\/blog\/intimidad-es-de-sospechar\/#primaryimage"},"image":{"@id":"https:\/\/aprendejaponesencoru.com\/blog\/intimidad-es-de-sospechar\/#primaryimage"},"thumbnailUrl":"","datePublished":"2017-09-12T13:35:49+00:00","author":{"@id":"https:\/\/aprendejaponesencoru.com\/blog\/#\/schema\/person\/c26e6e317be97278b62fe3778c998a65"},"breadcrumb":{"@id":"https:\/\/aprendejaponesencoru.com\/blog\/intimidad-es-de-sospechar\/#breadcrumb"},"inLanguage":"es","potentialAction":[{"@type":"ReadAction","target":["https:\/\/aprendejaponesencoru.com\/blog\/intimidad-es-de-sospechar\/"]}]},{"@type":"ImageObject","inLanguage":"es","@id":"https:\/\/aprendejaponesencoru.com\/blog\/intimidad-es-de-sospechar\/#primaryimage","url":"","contentUrl":""},{"@type":"BreadcrumbList","@id":"https:\/\/aprendejaponesencoru.com\/blog\/intimidad-es-de-sospechar\/#breadcrumb","itemListElement":[{"@type":"ListItem","position":1,"name":"\u30db\u30fc\u30e0","item":"https:\/\/aprendejaponesencoru.com\/blog\/"},{"@type":"ListItem","position":2,"name":"\u00bf\u00bfIntimidad?? Es de sospechar."}]},{"@type":"WebSite","@id":"https:\/\/aprendejaponesencoru.com\/blog\/#website","url":"https:\/\/aprendejaponesencoru.com\/blog\/","name":"aprendejaponesencoru.com :: Blog","description":"Clases particulares de japon\u00e9s en La Coru\u00f1a con un profesor nativo","potentialAction":[{"@type":"SearchAction","target":{"@type":"EntryPoint","urlTemplate":"https:\/\/aprendejaponesencoru.com\/blog\/?s={search_term_string}"},"query-input":{"@type":"PropertyValueSpecification","valueRequired":true,"valueName":"search_term_string"}}],"inLanguage":"es"},{"@type":"Person","@id":"https:\/\/aprendejaponesencoru.com\/blog\/#\/schema\/person\/c26e6e317be97278b62fe3778c998a65","name":"Daikito Sensei","image":{"@type":"ImageObject","inLanguage":"es","@id":"https:\/\/secure.gravatar.com\/avatar\/0abeb34749a49ed737756245c06589b60990464d5e325750de73cfbdde873ace?s=96&d=mm&r=g","url":"https:\/\/secure.gravatar.com\/avatar\/0abeb34749a49ed737756245c06589b60990464d5e325750de73cfbdde873ace?s=96&d=mm&r=g","contentUrl":"https:\/\/secure.gravatar.com\/avatar\/0abeb34749a49ed737756245c06589b60990464d5e325750de73cfbdde873ace?s=96&d=mm&r=g","caption":"Daikito Sensei"},"sameAs":["https:\/\/aprendejaponesencoru.com\/blog"],"url":"https:\/\/aprendejaponesencoru.com\/blog\/author\/daikito_sensei\/"}]}},"jetpack_publicize_connections":[],"jetpack_featured_media_url":"","jetpack-related-posts":[{"id":114284,"url":"https:\/\/aprendejaponesencoru.com\/blog\/cena-alumnos-japones-coruna\/","url_meta":{"origin":1019,"position":0},"title":"\ud83c\udf55Cenar juntos tambi\u00e9n es aprender japon\u00e9s","author":"Daikito Sensei","date":"30 de junio de 2025","format":false,"excerpt":"El aprendizaje del japon\u00e9s no solo ocurre en clase, entre apuntes, hiragana y kanji. A veces, tambi\u00e9n sucede alrededor de una mesa, compartiendo risas, una buena comida y una copa de sangr\u00eda. Un encuentro m\u00e1s all\u00e1 de las clases Hace un par de semanas celebramos una cena: una quedada entre\u2026","rel":"","context":"En \u00abBlog\u00bb","block_context":{"text":"Blog","link":"https:\/\/aprendejaponesencoru.com\/blog\/category\/blog\/"},"img":{"alt_text":"","src":"https:\/\/i0.wp.com\/aprendejaponesencoru.com\/blog\/wp-content\/uploads\/2025\/06\/thumb1.png?fit=1200%2C678&ssl=1&resize=350%2C200","width":350,"height":200,"srcset":"https:\/\/i0.wp.com\/aprendejaponesencoru.com\/blog\/wp-content\/uploads\/2025\/06\/thumb1.png?fit=1200%2C678&ssl=1&resize=350%2C200 1x, https:\/\/i0.wp.com\/aprendejaponesencoru.com\/blog\/wp-content\/uploads\/2025\/06\/thumb1.png?fit=1200%2C678&ssl=1&resize=525%2C300 1.5x, https:\/\/i0.wp.com\/aprendejaponesencoru.com\/blog\/wp-content\/uploads\/2025\/06\/thumb1.png?fit=1200%2C678&ssl=1&resize=700%2C400 2x, https:\/\/i0.wp.com\/aprendejaponesencoru.com\/blog\/wp-content\/uploads\/2025\/06\/thumb1.png?fit=1200%2C678&ssl=1&resize=1050%2C600 3x"},"classes":[]},{"id":114023,"url":"https:\/\/aprendejaponesencoru.com\/blog\/hooligans-nipones-el-lado-oscuro-importado-al-futbol-japones\/","url_meta":{"origin":1019,"position":1},"title":"Hooligans nipones: \u00bfel lado oscuro importado al f\u00fatbol japon\u00e9s?","author":"Daikito Sensei","date":"28 de septiembre de 2023","format":false,"excerpt":"\u00bfLos japoneses son realmente educados y respetuosos? En esta ocasi\u00f3n, hablar\u00e9 sobre f\u00fatbol. Si dejas de seguir leer por esta frase porque odias f\u00fatbol, no va a ser como est\u00e1s pensando. Creo que nosotros los japoneses somos buenos para absorber y adoptar diferentes culturas extranjeras. No s\u00e9 si tenemos una\u2026","rel":"","context":"En \u00abBlog\u00bb","block_context":{"text":"Blog","link":"https:\/\/aprendejaponesencoru.com\/blog\/category\/blog\/"},"img":{"alt_text":"","src":"https:\/\/i0.wp.com\/aprendejaponesencoru.com\/blog\/wp-content\/uploads\/2023\/09\/OIG.8zgIhPmgfxZlwGzk8c0n.jpg?fit=1024%2C1024&ssl=1&resize=350%2C200","width":350,"height":200,"srcset":"https:\/\/i0.wp.com\/aprendejaponesencoru.com\/blog\/wp-content\/uploads\/2023\/09\/OIG.8zgIhPmgfxZlwGzk8c0n.jpg?fit=1024%2C1024&ssl=1&resize=350%2C200 1x, https:\/\/i0.wp.com\/aprendejaponesencoru.com\/blog\/wp-content\/uploads\/2023\/09\/OIG.8zgIhPmgfxZlwGzk8c0n.jpg?fit=1024%2C1024&ssl=1&resize=525%2C300 1.5x, https:\/\/i0.wp.com\/aprendejaponesencoru.com\/blog\/wp-content\/uploads\/2023\/09\/OIG.8zgIhPmgfxZlwGzk8c0n.jpg?fit=1024%2C1024&ssl=1&resize=700%2C400 2x"},"classes":[]},{"id":113398,"url":"https:\/\/aprendejaponesencoru.com\/blog\/vamos-de-cena-%f0%9f%8d%a3%f0%9f%8d%9c\/","url_meta":{"origin":1019,"position":2},"title":"\u00a1Vamos de cena! \ud83c\udf63\ud83c\udf5c","author":"Daikito Sensei","date":"25 de julio de 2019","format":false,"excerpt":"Cena del Meetup El titulo de este evento lo dice todo, hemos ido de cena a un restaurante de comida japonesa \ud83c\uddef\ud83c\uddf5, a re\u00edrnos mucho y pasarlo bien! \ud83d\ude06 Hemos ido al Sushi Bar Minato A Coru\u00f1a. Tienen bebidas aut\u00e9nticas de Jap\u00f3n \ud83c\uddef\ud83c\uddf5 Desde luego pedimos \ud83c\udf63 \u00a0 \u00a0 \u00a0","rel":"","context":"En \u00abBlog\u00bb","block_context":{"text":"Blog","link":"https:\/\/aprendejaponesencoru.com\/blog\/category\/blog\/"},"img":{"alt_text":"Foto1","src":"https:\/\/i0.wp.com\/aprendejaponesencoru.com\/wp-content\/uploads\/2019\/07\/img_3738-e1564074041729-225x300.jpg?resize=350%2C200","width":350,"height":200},"classes":[]},{"id":616,"url":"https:\/\/aprendejaponesencoru.com\/blog\/ya-queda-menos-para-el-examen-de-jlpt\/","url_meta":{"origin":1019,"position":3},"title":"Ya queda menos para el examen de JLPT!!","author":"Daikito Sensei","date":"16 de noviembre de 2016","format":false,"excerpt":"Hola!! \u3053\u3093\u306b\u3061\u306f\uff01\u307f\u3093\u306a\u3052\u3093\u304d\u3067\u3059\u304b\uff1f \u00a0Se acerca la fecha del examen de JLPTYa casi estamos a mediados de noviembre se acerca la fecha del examen de JLPT, antiguamente conocido como Nouken. \u00a0Este a\u00f1o se presentar\u00e1n 3 alumnos m\u00edos, todos nerviosos por la proximidad de la fecha del examen ?? Es algo normal, e\u2026","rel":"","context":"En \u00abBlog\u00bb","block_context":{"text":"Blog","link":"https:\/\/aprendejaponesencoru.com\/blog\/category\/blog\/"},"img":{"alt_text":"3","src":"https:\/\/i0.wp.com\/aprendejaponesencoru.com\/wp-content\/uploads\/2016\/11\/3-740x493.jpg?resize=350%2C200","width":350,"height":200,"srcset":"https:\/\/i0.wp.com\/aprendejaponesencoru.com\/wp-content\/uploads\/2016\/11\/3-740x493.jpg?resize=350%2C200 1x, https:\/\/i0.wp.com\/aprendejaponesencoru.com\/wp-content\/uploads\/2016\/11\/3-740x493.jpg?resize=525%2C300 1.5x, https:\/\/i0.wp.com\/aprendejaponesencoru.com\/wp-content\/uploads\/2016\/11\/3-740x493.jpg?resize=700%2C400 2x"},"classes":[]},{"id":113696,"url":"https:\/\/aprendejaponesencoru.com\/blog\/gracias-en-japones-sabeis-usarlo-bien\/","url_meta":{"origin":1019,"position":4},"title":"Parece f\u00e1cil pero dif\u00edcil!? Gracias en japon\u00e9s \ud83c\uddef\ud83c\uddf5 sab\u00e9is usarlo bien?","author":"Daikito Sensei","date":"13 de septiembre de 2020","format":false,"excerpt":"\u306f\u3044\u3001\u3069\u3046\u3082\u301c\uff01 Dec\u00eds bien en japon\u00e9s \u201cgracias\u201d? Os preguntasteis por qu\u00e9 hay \u3042\u308a\u304c\u3068\u3046\u3054\u3056\u3044\u307e\u3059 (arigatoogozaimasu) y \u3042\u308a\u304c\u3068\u3046\u3054\u3056\u3044\u307e\u3057\u305f (arigatoogozaimashita)? \ud83d\udde3En qu\u00e9 momento hay que decir uno u otro? \ud83d\udde3Os hab\u00e9is preguntado por qu\u00e9 hay dos? Quieres aprenderlo\u2753Dentro video\u203c\ufe0f Explicai\u00f3n en espa\u00f1ol \ud83c\uddea\ud83c\uddf8\ud83d\ude06 \u307f\u3093\u306a\u898b\u3066\u306d\u301c\uff01\ud83d\ude19 \u00a0","rel":"","context":"En \u00abBlog\u00bb","block_context":{"text":"Blog","link":"https:\/\/aprendejaponesencoru.com\/blog\/category\/blog\/"},"img":{"alt_text":"arigatoo","src":"https:\/\/i0.wp.com\/aprendejaponesencoru.com\/blog\/wp-content\/uploads\/2020\/09\/%E3%82%B9%E3%82%AF%E3%83%AA%E3%83%BC%E3%83%B3%E3%82%B7%E3%83%A7%E3%83%83%E3%83%88-2023-08-02-20.30.40.png?fit=560%2C317&ssl=1&resize=350%2C200","width":350,"height":200,"srcset":"https:\/\/i0.wp.com\/aprendejaponesencoru.com\/blog\/wp-content\/uploads\/2020\/09\/%E3%82%B9%E3%82%AF%E3%83%AA%E3%83%BC%E3%83%B3%E3%82%B7%E3%83%A7%E3%83%83%E3%83%88-2023-08-02-20.30.40.png?fit=560%2C317&ssl=1&resize=350%2C200 1x, https:\/\/i0.wp.com\/aprendejaponesencoru.com\/blog\/wp-content\/uploads\/2020\/09\/%E3%82%B9%E3%82%AF%E3%83%AA%E3%83%BC%E3%83%B3%E3%82%B7%E3%83%A7%E3%83%83%E3%83%88-2023-08-02-20.30.40.png?fit=560%2C317&ssl=1&resize=525%2C300 1.5x"},"classes":[]},{"id":113432,"url":"https:\/\/aprendejaponesencoru.com\/blog\/sabeis-decir-mas-de-diez-mil-10000-en-japonesnumeros\/","url_meta":{"origin":1019,"position":5},"title":"\ud83d\udcf9\u00a1Nuevo v\u00eddeo!\ud83c\udfac \u00bfSab\u00e9is decir m\u00e1s de diez mil (10000) en japon\u00e9s? \ud83d\udcdaN\u00daMEROS\ud83d\udcda","author":"Daikito Sensei","date":"28 de agosto de 2019","format":false,"excerpt":"\u00a1Hola todos! \u306f\u3044\u3001\u3069\u3046\u3082\u301c\uff01 \u00bfSab\u00e9is contar n\u00fameros en japon\u00e9s? \u00bfSab\u00e9is decir m\u00e1s de diez mil 1\ufe0f\u20e30\ufe0f\u20e30\ufe0f\u20e30\ufe0f\u20e30\ufe0f\u20e3 sin dificultad? \u00a1En este v\u00eddeo hay soluci\u00f3n! \ud83d\udde34, \u00bfshi o yon? \ud83d\udde37, \u00bfshichi o nana? \ud83d\udde3Contar de menos a m\u00e1s (de 1 a 10) no es igual que de m\u00e1s a menos (de 10 a\u2026","rel":"","context":"En \u00abBlog\u00bb","block_context":{"text":"Blog","link":"https:\/\/aprendejaponesencoru.com\/blog\/category\/blog\/"},"img":{"alt_text":"","src":"","width":0,"height":0},"classes":[]}],"jetpack_sharing_enabled":true,"_links":{"self":[{"href":"https:\/\/aprendejaponesencoru.com\/blog\/wp-json\/wp\/v2\/posts\/1019","targetHints":{"allow":["GET"]}}],"collection":[{"href":"https:\/\/aprendejaponesencoru.com\/blog\/wp-json\/wp\/v2\/posts"}],"about":[{"href":"https:\/\/aprendejaponesencoru.com\/blog\/wp-json\/wp\/v2\/types\/post"}],"author":[{"embeddable":true,"href":"https:\/\/aprendejaponesencoru.com\/blog\/wp-json\/wp\/v2\/users\/1"}],"replies":[{"embeddable":true,"href":"https:\/\/aprendejaponesencoru.com\/blog\/wp-json\/wp\/v2\/comments?post=1019"}],"version-history":[{"count":0,"href":"https:\/\/aprendejaponesencoru.com\/blog\/wp-json\/wp\/v2\/posts\/1019\/revisions"}],"wp:featuredmedia":[{"embeddable":true,"href":"https:\/\/aprendejaponesencoru.com\/blog\/wp-json\/"}],"wp:attachment":[{"href":"https:\/\/aprendejaponesencoru.com\/blog\/wp-json\/wp\/v2\/media?parent=1019"}],"wp:term":[{"taxonomy":"category","embeddable":true,"href":"https:\/\/aprendejaponesencoru.com\/blog\/wp-json\/wp\/v2\/categories?post=1019"},{"taxonomy":"post_tag","embeddable":true,"href":"https:\/\/aprendejaponesencoru.com\/blog\/wp-json\/wp\/v2\/tags?post=1019"}],"curies":[{"name":"wp","href":"https:\/\/api.w.org\/{rel}","templated":true}]}}